{"id":296,"date":"2016-07-30T21:13:46","date_gmt":"2016-07-30T21:13:46","guid":{"rendered":"http:\/\/tv-waldkirchen.de\/?p=296"},"modified":"2020-01-15T21:16:06","modified_gmt":"2020-01-15T21:16:06","slug":"kunterbunter-festauftakt-zwei-schlaege-bis-zum-bier","status":"publish","type":"post","link":"http:\/\/tv-waldkirchen.de\/?p=296","title":{"rendered":"Kunterbunter Festauftakt \u2013 Zwei Schl\u00e4ge bis zum Bier"},"content":{"rendered":"\n<p>\nGeschrieben von Otto Draxinger\n\t\n\t\n\n<\/p>\n\n\n\n<div class=\"wp-block-image\"><figure class=\"aligncenter\"><img loading=\"lazy\" decoding=\"async\" width=\"428\" height=\"200\" src=\"http:\/\/tv-waldkirchen.de\/wp-content\/uploads\/2020\/01\/presse45.jpg\" alt=\"\" class=\"wp-image-297\" srcset=\"http:\/\/tv-waldkirchen.de\/wp-content\/uploads\/2020\/01\/presse45.jpg 428w, http:\/\/tv-waldkirchen.de\/wp-content\/uploads\/2020\/01\/presse45-300x140.jpg 300w\" sizes=\"auto, (max-width: 428px) 100vw, 428px\" \/><figcaption> Zum 49. Mal ist Volksfest-Zeit in der Stadt \u2013 Fantastischer  Aufmarsch \u2013 Erstmals vier Blaskapellen dabei \u2013 2051 Marschierer  unterwegs: Rekord! <\/figcaption><\/figure><\/div>\n\n\n\n<p> Waldkirchen.Farbenpr\u00e4chtig,facettenreich,fr\u00f6hlich, ein kunter-buntesBild von alt und jung \u2013ges-tern hat mal wiederalles gepasst,als das Volksfestmit einemfantas-tischenFestzuger\u00f6ffnetwurde.2051Umz\u00fcgler \u2013das bedeuteter-neutRekord. Undbesser als mitzweiSchl\u00e4genanzapfen\u2013wie B\u00fcr-germeister HeinzPollak\u2013kannmanes ja auchkaummachen.Al-so: Das Bier l\u00e4uft,die Durstl\u00f6scherflie\u00dfen, die Musispielt,die Fahrge-sch\u00e4ftedrehensich,BuamundDirndl,Urlauberund Einheimi-sche,G\u00e4ste aus nah und fern pros-ten sich zu. Und das bis Mittwoch.Viel Prominenz war da, als dieWaldkirchnerStadtkapelle  amMarktplatzaufspielte. Als der B\u00fcr-germeister schonmalein Frei-Fassanzapfte. Als der stattlicheZugvomZOBheraufkam. MdBKalb,die MdLsMuthmannund Wasch-ler,LandratGruber,Altlandrat Ur-ban,stv.Landr\u00e4tinCerny,Pracha-titz\u2018 2. B\u00fcrgermeisterKlimes,Eh-renb\u00fcrger,Stadtr\u00e4te,Hackl-berg\/Innstadt-BrauereichefMa-rold,  VertretervonWirtschaft,Verb\u00e4nden, Vereinen,nat\u00fcrlichje-de MengeZuschauer.Schlag17.30Uhr lie\u00dfenesdie Schiefweger B\u00f6llersch\u00fctzen krachen.DasZeichen zumAbmarsch.ObenamKaroli angekommen,durfteBauhof-Chef Pox-ruckerz\u00e4hlenundGetr\u00e4nkemar-kerl ausgeben\u20131390 an Erwachse-ne, 661an Kinder\/Jugendliche.Diese2051 sindRekord! Achja:UndNr.2052 ist der Wettergott,der auchmitgezogen ist! \u201eOzapftis!\u201c hie\u00dfes von B\u00fcrgermeister Pollak, den Wirten Weber\/Pongratz und Brauereichef Marold. F\u00fcnf fr\u00f6hliche Festtage warten. <\/p>\n","protected":false},"excerpt":{"rendered":"","protected":false},"author":1,"featured_media":297,"comment_status":"open","ping_status":"open","sticky":false,"template":"","format":"standard","meta":{"ngg_post_thumbnail":0,"footnotes":""},"categories":[2],"tags":[],"class_list":["post-296","post","type-post","status-publish","format-standard","has-post-thumbnail","hentry","category-presseberichte"],"_links":{"self":[{"href":"http:\/\/tv-waldkirchen.de\/index.php?rest_route=\/wp\/v2\/posts\/296","targetHints":{"allow":["GET"]}}],"collection":[{"href":"http:\/\/tv-waldkirchen.de\/index.php?rest_route=\/wp\/v2\/posts"}],"about":[{"href":"http:\/\/tv-waldkirchen.de\/index.php?rest_route=\/wp\/v2\/types\/post"}],"author":[{"embeddable":true,"href":"http:\/\/tv-waldkirchen.de\/index.php?rest_route=\/wp\/v2\/users\/1"}],"replies":[{"embeddable":true,"href":"http:\/\/tv-waldkirchen.de\/index.php?rest_route=%2Fwp%2Fv2%2Fcomments&post=296"}],"version-history":[{"count":1,"href":"http:\/\/tv-waldkirchen.de\/index.php?rest_route=\/wp\/v2\/posts\/296\/revisions"}],"predecessor-version":[{"id":298,"href":"http:\/\/tv-waldkirchen.de\/index.php?rest_route=\/wp\/v2\/posts\/296\/revisions\/298"}],"wp:featuredmedia":[{"embeddable":true,"href":"http:\/\/tv-waldkirchen.de\/index.php?rest_route=\/wp\/v2\/media\/297"}],"wp:attachment":[{"href":"http:\/\/tv-waldkirchen.de\/index.php?rest_route=%2Fwp%2Fv2%2Fmedia&parent=296"}],"wp:term":[{"taxonomy":"category","embeddable":true,"href":"http:\/\/tv-waldkirchen.de\/index.php?rest_route=%2Fwp%2Fv2%2Fcategories&post=296"},{"taxonomy":"post_tag","embeddable":true,"href":"http:\/\/tv-waldkirchen.de\/index.php?rest_route=%2Fwp%2Fv2%2Ftags&post=296"}],"curies":[{"name":"wp","href":"https:\/\/api.w.org\/{rel}","templated":true}]}}