{"id":273,"date":"2015-06-25T20:54:34","date_gmt":"2015-06-25T20:54:34","guid":{"rendered":"http:\/\/tv-waldkirchen.de\/?p=273"},"modified":"2020-01-15T20:57:01","modified_gmt":"2020-01-15T20:57:01","slug":"waldlerbuam-pflegen-seit-90-jahren-das-brauchtum","status":"publish","type":"post","link":"http:\/\/tv-waldkirchen.de\/?p=273","title":{"rendered":"\u201eWaldlerbuam\u201c pflegen seit 90 Jahren das Brauchtum"},"content":{"rendered":"\n<p>\nGeschrieben von pnp &#8211; 25.06.2015\n\t\n\t\n\n\n\n\n\t\n\n\n\n\n\n\n\n\n\n\n\n\t\n\n\t\n\n\n\n\n\n\n\n\n\n<\/p>\n\n\n\n<p>Am 27. Juni feiert der Trachtenverein sein Jubil\u00e4um &#8211; Ein Blick \nzur\u00fcck in die Vereinshistorie, in der viele herausragende Fest begangen \nworden sind.<\/p>\n\n\n\n<div class=\"wp-block-image\"><figure class=\"aligncenter\"><img loading=\"lazy\" decoding=\"async\" width=\"370\" height=\"248\" src=\"http:\/\/tv-waldkirchen.de\/wp-content\/uploads\/2020\/01\/presse35.jpg\" alt=\"\" class=\"wp-image-274\" srcset=\"http:\/\/tv-waldkirchen.de\/wp-content\/uploads\/2020\/01\/presse35.jpg 370w, http:\/\/tv-waldkirchen.de\/wp-content\/uploads\/2020\/01\/presse35-300x201.jpg 300w\" sizes=\"auto, (max-width: 370px) 100vw, 370px\" \/><figcaption> Nur eine der Aufgaben, die sich die \u201eWaldlerbuam\u201c selbst gestellt haben:  der Erhalt kirchlicher Relikte. Zum heurigen Geburtstag sanierte man  das Oberh\u00f6henstettener Kreuz und einen Martel, die bei einer Maiandacht  saniert pr\u00e4sentiert wurden. <\/figcaption><\/figure><\/div>\n\n\n\n<p>Waldkirchen. Ein gro\u00dfes Fest steht dem \nTrachtenverein \u201eWaldlerbuam\u201c am kommenden Wochenende bevor. Der \nalteingesessene Waldkirchner Verein wird heuer 90 Jahre alt. Gefeiert \nwird das am Samstag, 27. Juni, am Erlauzwieseler See. Aber vorher lohnt \nnoch der Blick zur\u00fcck in die Vereinsgeschichte: Im Jahre 1925 fassten \nbeherzte M\u00e4nner im Ortsteil Richardsreut den Entschluss, einen \nTrachtenverein zu gr\u00fcnden. Ma\u00dfgeblich Mitwirkende waren Alois Garhammer,\n Johann S\u00fc\u00df, Xaver Lichtenauer, Heinrich Sch\u00fcll und August Maier, der \nmit gro\u00dfer Ausdauer die Ausbildung des Vereins \u00fcbernahm. Schon nach \nkurzer Zeit konnten die Trachtler bei verschiedenen Anl\u00e4ssen ihre \nTanzdarbietungen vorf\u00fchren. Mit 23 Mitgliedern war der junge Verein \ndamals noch klein, aber Jahr f\u00fcr Jahr fand er mehr Anh\u00e4nger unter \nderBev\u00f6lkerung. In den Anfangsjahren \u00fcbte der Vorplattler Gustl Maier \nmit seinen \u201eLehrlingen\u201c in Scheunen auf Lehmboden, da die Benutzung \neines Saales zu teuer gekommen w\u00e4re und in den Gaststuben das Gepolter \nbeim Plattln doch nicht jedermanns Sache war. Die ersten Aufzeichnungen \nin Wort und Bild gibt es aus dem Jahr 1932 \u2013 das Kassenbuch des Vereins \nist noch vorhanden. Daraus geht hervor, dass der Mitgliedsbeitrag 50 \nPfennig betrug, aber noch im gleichen Jahr auf 25 Pfennig reduziert \nwurde. Neben den Monatsbeitr\u00e4gen waren verschiedene Veranstaltungen die \nHaupteinnahmequelle des Vereins. So wurden regelm\u00e4\u00dfig T\u00e4nze bei Festen, \nFeiern und anderen Anl\u00e4ssen vorgef\u00fchrt. Nach dem Krieg der gro\u00dfe \nAufschwung Nachdem 1938 alle Vereine unter dem nationalsozialistischen \nRegime aufgel\u00f6st und parteilichen Verb\u00e4nden zugeordnet wurden, kam das \nVereinsleben fast v\u00f6llig zum Erliegen. Der Krieg und alle damit \nverbundenen Auswirkungen lie\u00dfen jedes lustige Leben einschlafen. Nach \nKriegsende war das Vereinsleben jedoch wieder sehr aktiv \u2013 so feierte \nman 1950 das 25-j\u00e4hrige Gr\u00fcndungsfest, verbunden mit der Weihe der \nersten Vereinsfahne, ausgiebig. Die damalige Fahnenmutter Theresia \nDetter und ihre Ehrenjungfern opferten viele Arbeitsstunden, um dieses \nFest, bei dem auch das 1. Gautrachtenfest ausgerichtet wurde, zu einem \ngro\u00dfen Erfolg werden zu lassen. Die 60er-Jahre brachten einen regen \nAufschwung in das Vereinsleben. Der einsetzende Fremdenverkehr trug dazu\n bei, dass der Verein sein K\u00f6nnen weit \u00fcber die Region hinaus unter \nBeweis stellen konnte und die dadurch steigenden Einnahmen wurden oft \nals Spende f\u00fcr gemeinn\u00fctzige Zwecke verwendet. Ein kultureller H\u00f6hepunkt\n dieser Zeit war eine sechst\u00e4gige Reise nach Rom, zu der die Vereinigung\n deutsch-italienische Freundschaft eingeladen hatte. T\u00e4glich standen \nAuftritte auf dem Programm, aber nebenbei blieb noch gen\u00fcgend Zeit, um \nRom zu besichtigen, an einem Gottesdienst mit dem Papst teilzunehmen und\n in Verona und Florenz Halt zumachen. Ein herausragendes Ereignis in der\n Vereinsgeschichte war auch die Ausrichtung des Kreis-, Musik und \nTrachtenfestes in Waldkirchen 1972. Nur drei Jahre sp\u00e4ter wurde eines \nder gr\u00f6\u00dften Feste in der Vereinsgeschichte anl\u00e4sslich des 50-j\u00e4hrigen \nBestehens begangen. Verbunden mit dem Gautrachtenfest kamen zu dieser \nVeranstaltung zahlreiche Vereine nach Waldkirchen. Der Festzug bot ein \nbeeindruckendes Bild auf dem Marktplatz. Der Wahlspruch der \n\u201eWaldlerbuam\u201c\u2013 \u201eGetreu dem guten alten Brauch\u201c \u2013 bezieht sich nicht nur \nauf die Pflege der Trachten und T\u00e4nze, sondern auch auf den Erhalt und \ndie Instandsetzung kirchlicher Gegenst\u00e4nde. 1979 wurde daher die Figur \ndes heiligen Antonius an der Stadtpfarrkirche Waldkirchen mit Hilfe der \nTrachtler einer gr\u00fcndlichen Restaurierung unterzogen. Auch das \n75-j\u00e4hrige Bestehen im Jahre 2000 begann mit der Einweihung eines \nMarterls in Oberh\u00f6henstetten, sowie einer Trachtenpuppenausstellung von \nFranziska Rettenbacher im Waldkirchner B\u00fcrgerhaus. Tags darauf schloss \nsich ein Heimatabend unter dem Motto \u201eBrauchtum rund um Waldkirchen\u201c an.\n Neben den beiden Patenvereinen aus Witzmannsberg und Jacking wirkten \nder Jubelverein, die Trachtenvereine aus Ratzing und Erlauzwiesel sowie \ndie Tanz- und Plattlergruppen des Dreifl\u00fcssegaues Passau mit. Die \nBrauchtumsveranstaltung fand gro\u00dfen Anklang bei der Bev\u00f6lkerung und \nBesuchern.<\/p>\n\n\n\n<p>Zum 90-J\u00e4hrigen wieder Aufgabe gestellt:<br>Der\n Trachtenverein hat sich daher wieder eine Aufgabe zum diesj\u00e4hrigen \nJubelfest gestellt. So wurde das im Jahr 2000 eingeweihte Marterl in \nOberh\u00f6henstetten abgebaut und an die Restauratorin Martha Hendrykovski \nzur Reparatur und Neubemalung \u00fcbergeben. Einige Vereinsmitglieder \nmachten sich anschlie\u00dfend auf den Weg, um den stark verwitterten \nGranitsockel des Wegkreuzes vom Gestr\u00fcpp zu befreien und durch \nSandstrahlarbeiten zu reinigen. In einer, von der Trachtenjugend \ngestalteten festlichen Maiandacht \u2013 mit erfreulich gro\u00dfer Beteiligung \nder Bev\u00f6lkerung und der Patenvereine \u2013 wurde das im neuem Glan stehende,\n religi\u00f6se Kleindenkmal geweiht. Den Segen spendete der Waldkirchner \nStadtpfarrer Bruno P\u00f6ppel.<\/p>\n\n\n\n<div class=\"wp-block-image\"><figure class=\"aligncenter\"><img loading=\"lazy\" decoding=\"async\" width=\"400\" height=\"244\" src=\"http:\/\/tv-waldkirchen.de\/wp-content\/uploads\/2020\/01\/Chronik5.jpg\" alt=\"\" class=\"wp-image-179\" srcset=\"http:\/\/tv-waldkirchen.de\/wp-content\/uploads\/2020\/01\/Chronik5.jpg 400w, http:\/\/tv-waldkirchen.de\/wp-content\/uploads\/2020\/01\/Chronik5-300x183.jpg 300w\" sizes=\"auto, (max-width: 400px) 100vw, 400px\" \/><figcaption> Das allererste Foto des Trachtenvereins stammt aus dem Jahre 1937. Kurz  bevor der Verein durch das nationalsozialistische Regime aufgel\u00f6st  wurde. <\/figcaption><\/figure><\/div>\n\n\n\n<p>\nDas Jubil\u00e4umsfest des Waldkirchner Trachtenvereins findet nun am \nSamstag, 27. Juni, an der Seeb\u00fchne Erlauzwiesel statt. Neben den \ngeladenen einheimischen Vereinen und den Patenvereinen ist auch die \nBev\u00f6lkerung eingeladen. Um 17 Uhr wird ein Festzug durch den Ort zur \nSeeb\u00fchne stattfinden. Nach dem folgenden Gottesdienst l\u00e4sst ein \nHeimatabend mit Musik und Tanz den Tag ausklingen.\n\n<\/p>\n","protected":false},"excerpt":{"rendered":"","protected":false},"author":1,"featured_media":274,"comment_status":"open","ping_status":"open","sticky":false,"template":"","format":"standard","meta":{"ngg_post_thumbnail":0,"footnotes":""},"categories":[2],"tags":[],"class_list":["post-273","post","type-post","status-publish","format-standard","has-post-thumbnail","hentry","category-presseberichte"],"_links":{"self":[{"href":"http:\/\/tv-waldkirchen.de\/index.php?rest_route=\/wp\/v2\/posts\/273","targetHints":{"allow":["GET"]}}],"collection":[{"href":"http:\/\/tv-waldkirchen.de\/index.php?rest_route=\/wp\/v2\/posts"}],"about":[{"href":"http:\/\/tv-waldkirchen.de\/index.php?rest_route=\/wp\/v2\/types\/post"}],"author":[{"embeddable":true,"href":"http:\/\/tv-waldkirchen.de\/index.php?rest_route=\/wp\/v2\/users\/1"}],"replies":[{"embeddable":true,"href":"http:\/\/tv-waldkirchen.de\/index.php?rest_route=%2Fwp%2Fv2%2Fcomments&post=273"}],"version-history":[{"count":1,"href":"http:\/\/tv-waldkirchen.de\/index.php?rest_route=\/wp\/v2\/posts\/273\/revisions"}],"predecessor-version":[{"id":275,"href":"http:\/\/tv-waldkirchen.de\/index.php?rest_route=\/wp\/v2\/posts\/273\/revisions\/275"}],"wp:featuredmedia":[{"embeddable":true,"href":"http:\/\/tv-waldkirchen.de\/index.php?rest_route=\/wp\/v2\/media\/274"}],"wp:attachment":[{"href":"http:\/\/tv-waldkirchen.de\/index.php?rest_route=%2Fwp%2Fv2%2Fmedia&parent=273"}],"wp:term":[{"taxonomy":"category","embeddable":true,"href":"http:\/\/tv-waldkirchen.de\/index.php?rest_route=%2Fwp%2Fv2%2Fcategories&post=273"},{"taxonomy":"post_tag","embeddable":true,"href":"http:\/\/tv-waldkirchen.de\/index.php?rest_route=%2Fwp%2Fv2%2Ftags&post=273"}],"curies":[{"name":"wp","href":"https:\/\/api.w.org\/{rel}","templated":true}]}}