{"id":245,"date":"2013-06-10T20:32:25","date_gmt":"2013-06-10T20:32:25","guid":{"rendered":"http:\/\/tv-waldkirchen.de\/?p=245"},"modified":"2020-01-15T20:36:51","modified_gmt":"2020-01-15T20:36:51","slug":"ehrenamtsnadeln-fuer-22-brauchtumspfleger","status":"publish","type":"post","link":"http:\/\/tv-waldkirchen.de\/?p=245","title":{"rendered":"Ehrenamtsnadeln f\u00fcr 22 Brauchtumspfleger"},"content":{"rendered":"\n<p>\nGeschrieben von Jutta Poth &#8211; 10.06.2013\n\t\n\t\n\n<\/p>\n\n\n\n<p>\nAuszeichnung vom Landkreis f\u00fcr Aktive bei Brauchtum-, Kultur- und Heimatvereinen \u00fcberreicht\n\n<\/p>\n\n\n\n<div class=\"wp-block-columns has-2-columns is-layout-flex wp-container-core-columns-is-layout-9d6595d7 wp-block-columns-is-layout-flex\">\n<div class=\"wp-block-column is-layout-flow wp-block-column-is-layout-flow\">\n<div class=\"wp-block-image\"><figure class=\"aligncenter\"><img loading=\"lazy\" decoding=\"async\" width=\"369\" height=\"103\" src=\"http:\/\/tv-waldkirchen.de\/wp-content\/uploads\/2020\/01\/presse20.jpg\" alt=\"\" class=\"wp-image-246\" srcset=\"http:\/\/tv-waldkirchen.de\/wp-content\/uploads\/2020\/01\/presse20.jpg 369w, http:\/\/tv-waldkirchen.de\/wp-content\/uploads\/2020\/01\/presse20-300x84.jpg 300w\" sizes=\"auto, (max-width: 369px) 100vw, 369px\" \/><figcaption> Die Ehrenamtstr\u00e4ger stellten sich mit ihren B\u00fcrgermeistern und Ehreng\u00e4sten zum Erinnerungsbild auf. <\/figcaption><\/figure><\/div>\n\n\n\n<div class=\"wp-block-image\"><figure class=\"aligncenter\"><img loading=\"lazy\" decoding=\"async\" width=\"370\" height=\"169\" src=\"http:\/\/tv-waldkirchen.de\/wp-content\/uploads\/2020\/01\/presse22.jpg\" alt=\"\" class=\"wp-image-248\" srcset=\"http:\/\/tv-waldkirchen.de\/wp-content\/uploads\/2020\/01\/presse22.jpg 370w, http:\/\/tv-waldkirchen.de\/wp-content\/uploads\/2020\/01\/presse22-300x137.jpg 300w\" sizes=\"auto, (max-width: 370px) 100vw, 370px\" \/><figcaption> Von Kopf bis zu Fu\u00df sch\u00f6n anzusehen waren die Goldhaubenfrauen Martha  Hendrykowsi, Rita Benkert und Heidi Salzinger aus Waldkirchen. Bei  offiziellen Anl\u00e4ssen bereichern sie immer wieder mit ihrer sch\u00f6nen  Tracht das Erscheinungsbild. <\/figcaption><\/figure><\/div>\n\n\n\n<p><\/p>\n<\/div>\n\n\n\n<div class=\"wp-block-column is-layout-flow wp-block-column-is-layout-flow\">\n<div class=\"wp-block-image\"><figure class=\"aligncenter\"><img loading=\"lazy\" decoding=\"async\" width=\"370\" height=\"169\" src=\"http:\/\/tv-waldkirchen.de\/wp-content\/uploads\/2020\/01\/presse21.jpg\" alt=\"\" class=\"wp-image-247\" srcset=\"http:\/\/tv-waldkirchen.de\/wp-content\/uploads\/2020\/01\/presse21.jpg 370w, http:\/\/tv-waldkirchen.de\/wp-content\/uploads\/2020\/01\/presse21-300x137.jpg 300w\" sizes=\"auto, (max-width: 370px) 100vw, 370px\" \/><figcaption> LobendeWorte wurden auchdemProjekt \u201eSchneekirche\u201c zuteil. Die  Vorstandschaft mit Christian Koch (2. von links), Heinrich Herzog und  Josef Denk nahm die Auszeichnung vom Landrat (rechts) entgegen. Auch  B\u00fcrgermeister Alfred Schraml (links) freute sich dar\u00fcber. <\/figcaption><\/figure><\/div>\n\n\n\n<figure class=\"wp-block-image\"><img loading=\"lazy\" decoding=\"async\" width=\"370\" height=\"211\" src=\"http:\/\/tv-waldkirchen.de\/wp-content\/uploads\/2020\/01\/presse23.jpg\" alt=\"\" class=\"wp-image-249\" srcset=\"http:\/\/tv-waldkirchen.de\/wp-content\/uploads\/2020\/01\/presse23.jpg 370w, http:\/\/tv-waldkirchen.de\/wp-content\/uploads\/2020\/01\/presse23-300x171.jpg 300w\" sizes=\"auto, (max-width: 370px) 100vw, 370px\" \/><figcaption> Umrahmt wurde die Feier von der Tanzlmusi Wolfstoana Buam Freyung und Waldlerbuam Waldkirchen. <\/figcaption><\/figure>\n<\/div>\n<\/div>\n\n\n\n<p>\nFreyung-Grafenau. F\u00fcr ihr verdienstvolles Wirken haben 22 B\u00fcrger des \nLandkreises bei einer gro\u00dfen Feierstunde im Restaurant am See in \nErlauzwiesel aus den H\u00e4nden von Landrat Ludwig Lankl die Ehrenbriefe \nerhalten.<br>Seit 2010 w\u00fcrdigt der Landkreis Freyung-Grafenau \nFreiwillige, die sich in verschiedenen \u00f6ffentlichen und sozialen \nBereichen f\u00fcr das Gemeinwohl engagieren. In diesem Jahr wurden \nehrenamtlich T\u00e4tige aus dem Bereich Brauchtum-, Kultur- und \nHeimatvereine eingeladen. Dies soll ein kleines Dankesch\u00f6n und eine \nW\u00fcrdigung f\u00fcr die freiwillige und unverzichtbare Arbeit f\u00fcr den \nLandkreis und f\u00fcr die Gesellschaft sein. \u201eMit ihren Projekten leisten \nsie vorbildliche Arbeit in unserem Landkreis. Die Auszeichnung ist der \nverdiente Lohn f\u00fcr ihr eindrucksvolles Engagement\u201c, so der Landrat.<br>In\n seiner Laudatio bezeichnet der Landrat das Kultur und Brauchtum als \ntragende S\u00e4ulen des gesellschaftlichen Lebens. Bevor die Verleihung der \nEhrenamtsnadeln vorgenommen wurde, hielt der Ehrenvorstand der \nWaldlerbuam Waldkirchen Franz Kindermann einen flammenden Vortrag \u00fcber \ndie Kreisheimatpflege. Er sprach seinen Dank an die Kreisheimatpfleger \nder Kulturvereine aus, die wertvolle Dienste zur Bewahrung des \nBrauchtums leisten. Die Vorst\u00e4nde seien unerm\u00fcdlich bestrebt, die \nVolksfr\u00f6mmigkeit zu pflegen und die Dorfgemeinschaft zu st\u00e4rken. Sein \nWunsch an die Politiker war, dass das Fach Heimatkunde in den \nGrundschulen wieder in den Lehrplan aufgenommen werde, damit die Heimat \nwieder den Stellenwert bekomme, der ihr zustehe.<br>22 Pers\u00f6nlichkeiten,\n die sich langj\u00e4hrig und in hervorragender Weise in Brauchtums-, Kultur-\n und Heimatvereine ehrenamtlich engagieren, wurden im Beisein ihres \njeweiligen B\u00fcrgermeisters mit der Ehrenamtsnadel des Landkreises \nFreyung- Grafenau ausgezeichnet. Die Laudationes dazu verlas der \nSachgebietsleiter des Landratsamtes Karl Matschiner.<br>Johann Fuchs ist\n Gr\u00fcndungsvorstand des Graineter S\u00e4umervereins und hat dieses Amt von \n1994 bis 2002 und von 2008 bis 2011 ausge\u00fcbt. Das mittlerweile \ntraditionelle S\u00e4umerfest wurde von ihm aus der Taufe gehoben. Als \nbesonderes aktives Vorstandsmitglied war und ist er nach wie vor \nwichtiges Bindeglied zu der Partnerstadt Prachatitz \u2013 insbesondere zum \ndortigen Salzfest. Zum Jubil\u00e4um \u201e1000 Jahre Goldener Steig\u201c organisierte\n er den medienwirksamen und \u00fcberregional beachteten Salzs\u00e4umerzug von \nHallein bis ins b\u00f6hmische Prachatitz.<br>Albert Zellner ist \nGr\u00fcndungsmitglied der im Jahre 1964 ins Leben gerufenen Volkstanzgruppe \nHaidm\u00fchle, des sp\u00e4teren Dreisessel-Trachtenvereins Haidm\u00fchle. 1978 wurde\n er zum ersten Vorsitzenden ernannt. Noch im gleichen Jahr wurde der \nHaidm\u00fchler Kinder- und Jugendchor mit 70 Personen in den Verein \nintegriert. Unter Zellners F\u00fchrung wurden in den kommenden Jahren viele \nHeimatabende und Teilnahmen an \u00fcber\u00f6rtlichen Veranstaltungen \ndurchgef\u00fchrt.<br>Josephine Nu\u00dfhart und der bereits verstorbene Max Mader\n sind die Urheber und der Motor&nbsp; des Raimundsreuter Hinterglasbildes. \nDer Verein \u201eFreunde und F\u00f6rderer des Raimundsreuter Hinterglasbildes\u201c \nwurde 1998 gegr\u00fcndet und 2004 wurde das Hinterglasmuseum Raimundsreut \ner\u00f6ffnet. Mit dem unerm\u00fcdlichen Einsatz von Josephine Nu\u00dfhart \nentwickelte sich das Museum Schritt f\u00fcr Schritt zu einer festen \nEinrichtung in der Gemeinde Hohenau. Neben dem Museum erforscht sie auch\n die Geschichte von Raimundsreut, die eng mit der Hinterglasmalerei \nverbunden ist.<br>B\u00e4rbel und Hubert Liebl sind vom Verein der Freunde \nund F\u00f6rderer des Freilichtmuseums Finsterau nicht mehr wegzudenken. Bei \nder Organisation und Durchf\u00fchrung s\u00e4mtlicher Veranstaltungen sind die \nbeiden federf\u00fchrend und unverzichtbar und haben sich gro\u00dfe Verdienste in\n der Gemeinde Mauth und in<br>der Region erworben.<br>Gerhard \nEggersdorfer ist in vielen Bereichen ehrenamtlich t\u00e4tig. Im Rahmen \nseiner langj\u00e4hrigen T\u00e4tigkeit als Vorsitzender des Tourismusvereins am \nDreisessel und auch seiner T\u00e4tigkeit als Heimatforscher hat er sich \nbesonders im Bereich Brauchtum\/ Kultur\/ Heimatvereine stark engagiert. \nF\u00fcr ihn stand in den letzten Jahren insbesondere die geschichtliche \nAufarbeitung der Heimat im Mittelpunkt. So wurde von ihm in \u00fcber \nf\u00fcnfj\u00e4hriger Arbeit ein 640 Seiten Heimatbuch der Gemeinde Neureichenau \nerstellt.<br>Andreas Wolf ist seit 40 Jahren aktives Mitglied im \nHeimatverein \u201eKoish\u00fcttler\u201c. In dieser Zeit war er acht Jahre als 1. und \nvier Jahre als 2. Vorstand t\u00e4tig. Dar\u00fcber hinaus war er auch vier Jahre \nlang Tanzgruppenleiter. Durch seine Best\u00e4ndigkeit und seinen \nSachverstand hat er es verstanden, die Mitglieder der Volkstanzgruppe \nstets f\u00fcr gemeinsame Ziele zu begeistern.<br>Johann Fischer ist seit \nnunmehr 20 Jahren erster Vorsitzender der Schmalzlerzunft Kirchberg. \nW\u00e4hrend dieser Zeit war er stetiger Motor, Initiator und Organisator von\n unz\u00e4hligen Veranstaltungen. Die Wahrung der Heimatverbundenheit, die \nF\u00f6rderung der Kultur und Tradition sind mit die wichtigsten Attribute \nder Schmalzlerzunft. Auch Funk und Fernsehen wurden auf die Aktivit\u00e4ten \naufmerksam und so waren schon zahlreiche Filmbeitr\u00e4ge im Bayerischen und\n dem Mitteldeutschen Rundfunk zu sehen.<br>Im Jahre 1911 bauten sich die\n Bewohner von Mitterfirmiansreut eine eigene Kirche ganz aus Schnee und \nEis, weil ihnen der Weg zur Kirche in Mauth in den schneereichen Wintern\n zu beschwerlich war. Diese legend\u00e4re Schneekirche errichtete der \nF\u00f6rderverein Schneekirche 100 Jahre sp\u00e4ter. Vorsitzender Bernd \nStiefvater hat zusammen mit seiner r\u00fchrigen Vorstandschaft f\u00fcr die \nVerwirklichung des einzigartigen Bauwerkes gesorgt. Er hat das \u201ewei\u00dfe \nWunder von Mitterfirmiansreut wieder erstehen lassen.<br>Alfons Pauli \nwar bereits 1994 bei der Organisation der Christkindlwallfahrt in \nRingelai dabei und wurde 2001 Vorsitzender der Initiativgruppe Heimat \nund Gast. Er machte die Christkindlwallfahrt durch Funk und Fernsehen \nund durch diverse Internetportale in ganz Deutschland bekannt. 2009 \n\u00fcbernahm er die Organisation des sogenannten \u201eGmoa Dogs\u201c in Ringelai. \nNicht nur die Betreuung des 70 Kilometer langen Wanderwegenetzes wurde \nvon ihm in Angriff genommen, auch bei der Organisation der \nFeierlichkeiten zur 700- j\u00e4hrigen Ersterw\u00e4hnung Ringelais war er \nHauptorganisator des gro\u00dfen Gemeindefestes.<br>Johann Krottenthaler \nengagiert sich seit vielen Jahren im Kulturverein R\u00f6hrnbach, \ninsbesondere beim Heimatkundlichen Arbeitskreis. Er hat seit 2012 das \nAmt des Vorsitzenden inne und widmet sich Projekten u. a. das Erforschen\n und Dokumentieren von Hirtenh\u00e4usern, das Anbringen von Infotafeln an \nhistorischen und bedeutsamen Bauwerken sowie der Erstellung von \nChroniken \u00fcber die Herz- Jesu-Kapelle und den Pfarrhof in R\u00f6hrnbach. \nAuch war er ma\u00dfgeblich an der Durchf\u00fchrung verschiedener Veranstaltungen\n im Rahmen des Jubil\u00e4ums \u201e400 Jahre Marktrechte R\u00f6hrnbach\u201c beteiligt. \nEine weitere Herausforderung war es f\u00fcr ihn, die Geschichte der \nOrtschaft Alzesberg aufzuarbeiten und in einer Festschrift zu \ndokumentieren.<br>Altlandrat Alfons Urban setzt sich seit Jahrzehnten \nf\u00fcr die Heimat- und Kulturpflege seines Heimatortes St. Oswald ein. Am \n20. Juli kann das Waldgeschichtliche Museum die Er\u00f6ffnung und \nFertigstellung feiern. Diese Feierlichkeit w\u00e4re sicherlich nicht ohne \nMitwirkung des Museumsvereins St. Oswald m\u00f6glich gewesen. 1980 gr\u00fcndete \nsich der Museumsverein St. Oswald mit dem Ziel, zusammen mit der \nGemeinde St.Oswald &#8211; Riedlh\u00fctte in Waldgeschichtliches Museum zu \nerrichten. Die Initiative zur Vereinsgr\u00fcndung ging von Alfons Urban aus,\n der sogleich den Vorsitz \u00fcbernahm.<br>Ferdinand Augustin ist seit 1968 \naktives Mitglied beim Schnupferclub Allhartsmais in Sch\u00f6fweg und \n\u00fcbernahm 1970 die F\u00fchrung der Vereinskasse. Seine Bem\u00fchungen, das \nBrauchtum in der Ortschaft aufrecht zu erhalten trugen Fr\u00fcchte. In all \nden Jahren wurden kein Dorffest des Schnupferclubs und keine \nChristbaumversteigerung ohne sein Mitwirken abgehalten.<br>Heinrich \nWagner wirkte jahrzehntelang bei der Sonnenwaldb\u00fchne Sch\u00f6fweg mit \u2013 erst\n als Spieler, dann als Leiter. Eine Theatergruppe ohne ihn konnte und \nwollte sich keiner vorstellen Dieses Jahr war es jedoch so weit. Er hat \naus gesundheitlichen Gr\u00fcnden die Leitung in die H\u00e4nde von Anneros Track \nund Angelika Schmidt gelegt.<br>Gerhard Hopp ist seit 2001 in der Sektion Sch\u00f6nberg des Bayerischen Waldvereins stellvertretender Vorsitzender.<br>Mehrmals\n im Jahr f\u00fchrt er zusammen mit seiner Gattin bei Wanderungen die \nMitglieder durch den Bayerischen- und B\u00f6hmerwald. Zudem fungiert er beim\n Sch\u00f6nberger Kulturforum ebenfalls als 2. Vorsitzender. Seine Liebe zum \nB\u00f6hmerwald hat ihn auch in Kontakt zum Karl- Klostermann-Verein mit Sitz\n in Grafenau gebracht.<br>Mathilde Herzog ist seit 2006 Vorsitzende des \nTrachtenvereins \u201eD\u00b4Schwarzachtaler e.V. Spiegelau\u201c. Der Trachtenverein \nversteht sich als Kulturtr\u00e4ger Spiegelaus und ist fest eingebunden in \nweltliches und kirchliches Brauchtum. Zudem moderierte sie jahrelang das\n j\u00e4hrliche Kinder- und Jugendtreffen des Bayerischen Waldgaus und \nzeichnete sich auch verantwortlich f\u00fcr die j\u00e4hrliche Familienwanderung \nder Kindergruppe des Trachtenvereins.<br>Hannelore Kuppler ist seit 1966\n Mitglied bei den Windhochsch\u00fctzen in Solla mit unverzichtbarem \nEngagement f\u00fcr den Verein. Seit 1991 bekleidet sie das Amt der \nFahnenmutter, die mit vollem Herzblut Tracht und Brauchtum hochh\u00e4lt. Die\n Windhochsch\u00fctzen ernannten sie 2007 zum Ehrenmitglied.<br>Helmut Weber \nist seit 1963 Mitglied der Wildhochsch\u00fctzen Solla. Er stand dem Verein \nin dieser Zeit nicht nur als aktiver Sch\u00fctze, sondern auch 15 Jahre mit \nviel Engagement als erster Sch\u00fctzenmeister zur Verf\u00fcgung. Unter seiner \nLeitung fand 1991 das 30-j\u00e4hrige Gr\u00fcndungsfest mit Fahnenweihe statt.<br>Konrad\n Unrecht ist seit 1973 Mitglied der Waldsch\u00fctzen Thannberg. Er gr\u00fcndete \n2000 eine Pistolenmannschaft und hat gro\u00dfen Anteil daran, dass die \nWaldsch\u00fctzen Thannberg ein eigenes Vereinsheim besitzen.<br>Erwin \nStockinger f\u00fchrt seit 1991 den Trachtenverein \u201eGrenzlerbuam Ratzing\u201c. Er\n leitet zudem die Theatergruppe, die er 1989 gr\u00fcndete. Besonders \nhervorzuheben ist die Veranstaltung \u201eWeihnacht am See\u201c. Er sorgt daf\u00fcr, \ndass der Erl\u00f6s caritativen Zwecken zugef\u00fchrt wird.<br>Franz Kindermann \nist seit 1969 Mitglied des Volkstrachtenvereins Waldlerbuam Waldkirchen.\n Von 1975 bis 2004 war er Vorsitzender. Er ist im Verein die treibende \nKraft, wenn es darum geht, alte Kreuze und Kapellen zu restaurieren. Ein\n gro\u00dfes Anliegen ist ihm die Erhaltung der Br\u00e4uche im Jahresablauf.<\/p>\n\n\n\n<p>Bei\n der Feierstunde mit dabei waren Bundestagsabgeordneter Barthl Kalb, die\n beiden Landtagsabgeordneten Alexander Muthmann und Bernhard Roos, \nBezirkstagsvizepr\u00e4sident Max Brandl, die stellvertretenden Landr\u00e4te \nHelmut Behringer und Renate Cerny, Altlandrat Alfons Urban, zahlreiche \nB\u00fcrgermeister, der Vorstandsvorsitzende der Sparkasse Freyung-Grafenau \nErwin Bumberger, Ehrenvorstand er Waldlerbuam Waldkirchen Franz \nKindermann sowie der Tanzlmusi Wolfstoana Buam Freyung und Waldlerbuam \nWaldkirchen.\n\n<\/p>\n","protected":false},"excerpt":{"rendered":"","protected":false},"author":1,"featured_media":246,"comment_status":"open","ping_status":"open","sticky":false,"template":"","format":"standard","meta":{"ngg_post_thumbnail":0,"footnotes":""},"categories":[2],"tags":[],"class_list":["post-245","post","type-post","status-publish","format-standard","has-post-thumbnail","hentry","category-presseberichte"],"_links":{"self":[{"href":"http:\/\/tv-waldkirchen.de\/index.php?rest_route=\/wp\/v2\/posts\/245","targetHints":{"allow":["GET"]}}],"collection":[{"href":"http:\/\/tv-waldkirchen.de\/index.php?rest_route=\/wp\/v2\/posts"}],"about":[{"href":"http:\/\/tv-waldkirchen.de\/index.php?rest_route=\/wp\/v2\/types\/post"}],"author":[{"embeddable":true,"href":"http:\/\/tv-waldkirchen.de\/index.php?rest_route=\/wp\/v2\/users\/1"}],"replies":[{"embeddable":true,"href":"http:\/\/tv-waldkirchen.de\/index.php?rest_route=%2Fwp%2Fv2%2Fcomments&post=245"}],"version-history":[{"count":1,"href":"http:\/\/tv-waldkirchen.de\/index.php?rest_route=\/wp\/v2\/posts\/245\/revisions"}],"predecessor-version":[{"id":250,"href":"http:\/\/tv-waldkirchen.de\/index.php?rest_route=\/wp\/v2\/posts\/245\/revisions\/250"}],"wp:featuredmedia":[{"embeddable":true,"href":"http:\/\/tv-waldkirchen.de\/index.php?rest_route=\/wp\/v2\/media\/246"}],"wp:attachment":[{"href":"http:\/\/tv-waldkirchen.de\/index.php?rest_route=%2Fwp%2Fv2%2Fmedia&parent=245"}],"wp:term":[{"taxonomy":"category","embeddable":true,"href":"http:\/\/tv-waldkirchen.de\/index.php?rest_route=%2Fwp%2Fv2%2Fcategories&post=245"},{"taxonomy":"post_tag","embeddable":true,"href":"http:\/\/tv-waldkirchen.de\/index.php?rest_route=%2Fwp%2Fv2%2Ftags&post=245"}],"curies":[{"name":"wp","href":"https:\/\/api.w.org\/{rel}","templated":true}]}}