{"id":236,"date":"2013-10-28T20:25:18","date_gmt":"2013-10-28T20:25:18","guid":{"rendered":"http:\/\/tv-waldkirchen.de\/?p=236"},"modified":"2020-01-15T20:26:21","modified_gmt":"2020-01-15T20:26:21","slug":"volkstrachtler-reisen-zum-neusiedler-see","status":"publish","type":"post","link":"http:\/\/tv-waldkirchen.de\/?p=236","title":{"rendered":"Volkstrachtler reisen zum Neusiedler See"},"content":{"rendered":"\n<p>Geschrieben von PNP &#8211; 28.10.2013 <\/p>\n\n\n\n<div class=\"wp-block-image\"><figure class=\"aligncenter\"><img loading=\"lazy\" decoding=\"async\" width=\"370\" height=\"181\" src=\"http:\/\/tv-waldkirchen.de\/wp-content\/uploads\/2020\/01\/presse17.jpg\" alt=\"\" class=\"wp-image-237\" srcset=\"http:\/\/tv-waldkirchen.de\/wp-content\/uploads\/2020\/01\/presse17.jpg 370w, http:\/\/tv-waldkirchen.de\/wp-content\/uploads\/2020\/01\/presse17-300x147.jpg 300w\" sizes=\"auto, (max-width: 370px) 100vw, 370px\" \/><\/figure><\/div>\n\n\n\n<p>\nWaldkirchen. Der diesj\u00e4hrige Vereinsausflug des Volkstrachtenvereins \n\u201eWaldlerbuam\u201c f\u00fchrte in die Gegend des Neusiedler Sees im \n\u00f6sterreichischen Burgenland. Auch das \u201ePatenkind\u201c, der Trachtenverein \n\u201eWolfstoaner Buam\u201c aus Freyung, nahm am Ausflug teil. Die 48 Reisenden \nfuhren am ersten Tag mit einem bequemen Reisebus des Busunternehmens \nSaibold aus Wegscheid geradewegs in die Schokoladenfabrik Hauswirth in \nKittsee. Hier wurde eine Besichtigung der Nikolaus- und \nWeihnachtsproduktion durchgef\u00fchrt. Man konnte sogar schon die Nikol\u00e4use \nbewundern, die der Hl. Nikolaus am 5. Dezember in Erlauzwiesel beim \nNikolauseinzug an die Kinder verteilen wird. Im Anschluss konnte man \nnach Herzenslust naschen und all die s\u00fc\u00dfen Verf\u00fchrungen kosten. So \nmancher konnte dann doch nicht widerstehen und kaufte sich einen Vorrat \nf\u00fcr Zuhause im ge\u00f6ffneten Werksverkauf. Nachmittags fuhr man weiter zum \nwundersch\u00f6n gelegenen Neusiedler See, wo man die Kalorien bei einem \nkleinen Spaziergang am Wasser wieder loswerden konnte.<br>Rechtzeitig \nzum Abendessen traf man im gebuchten Hotel \u201eBirkenhof\u201c in Gols ein. Nach\n dem erlebnisreichen Tag wurde ein typisch burgenl\u00e4ndisches Buffet \npr\u00e4sentiert. Den Ausklang des Tages begannen die beiden Vereine mit \nselbst gemachter Musik und Gesang in gem\u00fctlicher Runde.<br>Der zweite \nTag begann mit einem Sektfr\u00fchst\u00fcck, bevor man sich aufmachte, das in der\n N\u00e4he liegende Schloss Esterhazy zu bestaunen. Dieses historische \nGem\u00e4uer, wo auch der Komponist Joseph Haydn wirkte, war ein weiterer \nH\u00f6hepunkt des viel zu kurzen \u201eUrlaubs\u201c, der von Christian und Tanja \nBerlinger perfekt organisiert war. Das gemeinsame Abendessen am Heimweg \nim Stiftskeller Aigen\/ Schl\u00e4gl rundete den von allen als gelungen \nempfundenen Ausflug ab. Einer Wiederholung mit neuem Reiseziel steht \ndemnach nichts im Weg. -Foto: Berlinger\n\n<\/p>\n","protected":false},"excerpt":{"rendered":"","protected":false},"author":1,"featured_media":237,"comment_status":"open","ping_status":"open","sticky":false,"template":"","format":"standard","meta":{"ngg_post_thumbnail":0,"footnotes":""},"categories":[2],"tags":[],"class_list":["post-236","post","type-post","status-publish","format-standard","has-post-thumbnail","hentry","category-presseberichte"],"_links":{"self":[{"href":"http:\/\/tv-waldkirchen.de\/index.php?rest_route=\/wp\/v2\/posts\/236","targetHints":{"allow":["GET"]}}],"collection":[{"href":"http:\/\/tv-waldkirchen.de\/index.php?rest_route=\/wp\/v2\/posts"}],"about":[{"href":"http:\/\/tv-waldkirchen.de\/index.php?rest_route=\/wp\/v2\/types\/post"}],"author":[{"embeddable":true,"href":"http:\/\/tv-waldkirchen.de\/index.php?rest_route=\/wp\/v2\/users\/1"}],"replies":[{"embeddable":true,"href":"http:\/\/tv-waldkirchen.de\/index.php?rest_route=%2Fwp%2Fv2%2Fcomments&post=236"}],"version-history":[{"count":1,"href":"http:\/\/tv-waldkirchen.de\/index.php?rest_route=\/wp\/v2\/posts\/236\/revisions"}],"predecessor-version":[{"id":238,"href":"http:\/\/tv-waldkirchen.de\/index.php?rest_route=\/wp\/v2\/posts\/236\/revisions\/238"}],"wp:featuredmedia":[{"embeddable":true,"href":"http:\/\/tv-waldkirchen.de\/index.php?rest_route=\/wp\/v2\/media\/237"}],"wp:attachment":[{"href":"http:\/\/tv-waldkirchen.de\/index.php?rest_route=%2Fwp%2Fv2%2Fmedia&parent=236"}],"wp:term":[{"taxonomy":"category","embeddable":true,"href":"http:\/\/tv-waldkirchen.de\/index.php?rest_route=%2Fwp%2Fv2%2Fcategories&post=236"},{"taxonomy":"post_tag","embeddable":true,"href":"http:\/\/tv-waldkirchen.de\/index.php?rest_route=%2Fwp%2Fv2%2Ftags&post=236"}],"curies":[{"name":"wp","href":"https:\/\/api.w.org\/{rel}","templated":true}]}}