{"id":230,"date":"2011-12-08T20:21:27","date_gmt":"2011-12-08T20:21:27","guid":{"rendered":"http:\/\/tv-waldkirchen.de\/?p=230"},"modified":"2020-01-15T20:22:59","modified_gmt":"2020-01-15T20:22:59","slug":"130-kinder-empfingen-hohen-besuch","status":"publish","type":"post","link":"http:\/\/tv-waldkirchen.de\/?p=230","title":{"rendered":"130 Kinder empfingen hohen Besuch"},"content":{"rendered":"\n<p>Geschrieben von SAS &#8211; 08.12.2011<\/p>\n\n\n\n<p>Nikolaus kam mit Gefolge zum Erlauzwiesler See und brachte Geschenke<\/p>\n\n\n\n<div class=\"wp-block-image\"><figure class=\"aligncenter\"><img loading=\"lazy\" decoding=\"async\" width=\"370\" height=\"277\" src=\"http:\/\/tv-waldkirchen.de\/wp-content\/uploads\/2020\/01\/presse15.jpg\" alt=\"\" class=\"wp-image-231\" srcset=\"http:\/\/tv-waldkirchen.de\/wp-content\/uploads\/2020\/01\/presse15.jpg 370w, http:\/\/tv-waldkirchen.de\/wp-content\/uploads\/2020\/01\/presse15-300x225.jpg 300w\" sizes=\"auto, (max-width: 370px) 100vw, 370px\" \/><figcaption> Diesen hohen Besuch hatten die Kinder in Erlauzwiesel herbeigesehnt: Der  Nikolaus kam mit Krampus und Engeln an den See. \u2212 Foto: PNP <\/figcaption><\/figure><\/div>\n\n\n\n<p>\nErlauzwiesel. Das war ein ganz besonderer Nikolaustag am Erlauzwiesler \nSee: Zusammen mit seinen Gehilfen, dem Krampus und einigen Engeln, ist \nder Heilige Nikolaus dort eingezogen \u2013 und hat den zahlreichen Kindern \ndamit gro\u00dfe Freude bereitet.<br>Schon zuvor hatten die Mitglieder des \nTrachtenvereins \u201eWaldlerbuam\u201c gut f\u00fcr ihre Besucher gesorgt: Die \nTrachtenjugend verkaufte Gl\u00fchwein, Kinderpunsch und Kuchen. In der \nKutsche zogen Nikolaus, Krampus und vier kleine Engel ein und drehten \neine Runde um den See, ehe sie an der Seeb\u00fchne ausstiegen. Dort begr\u00fc\u00dfte\n der Ehrenvorsitzende des Trachtenvereins, Franz Kindermann, den \nheiligen Mann.<br>Um den Kindern die Angst vor ihm zu nehmen, erkl\u00e4rte \nder Nikolaus: \u201eWer die Geschichte des Heiligen kennt wei\u00df, dass dieser \nMann ein herzensguter Mensch war, der die Kinder liebte und sich um die \nArmen und Kranken annahm.\u201c Lediglich durch das Vorschieben des Nikolaus \nf\u00fcr Erziehungszwecke sei in manchen Kindern die Angst vor ihm \nentstanden. \u201eVor allem ist der Nikolaus der Patron der Kinder. Deshalb \nist es heute noch Brauch, dass der Nikolaus zu euch lieben Kinder jedes \nJahr ins Haus kommt und kleine S\u00e4ckchen mit Leckereien und Obst \nbringt.\u201c&nbsp; Nat\u00fcrlich m\u00fcsse er dabei auch fragen, ob die Kinder brav \ngewesen seien. Gemeinsam sangen Nikolaus, Krampus, Engel und die \nBesucher das Nikolauslied \u201eLasst uns froh und munter sein\u201c, dann \nerz\u00e4hlte der Heilige seinen aufmerksam lauschenden Zuh\u00f6rern eine \nNikolausgeschichte. F\u00fcr die Musiker, die Familie Spindler, die den \nEinzug musikalisch umrahmte, und den Kutscher hatte der Nikolaus \nGeschenke dabei, f\u00fcr den Trachtenverein gab es eine Geldspende. Und dann\n waren endlich die rund 130 Kinder an der Reihe, die schon ungeduldig \nauf diesen Augenblick gewartet hatten: Sie bekamen Geschenks\u00e4ckchen mit \neinem echten Schokobischof, N\u00fcssen, einer Mandarine und anderen \nLeckereien. Danach machte sich der Nikolaus auf zu Hausbesuchen \u2013 und \nweil die Kinder am Erlauzwiesler See gar so brav waren, wird er n\u00e4chstes\n Jahr ganz sicher wieder kommen.\n\n<\/p>\n","protected":false},"excerpt":{"rendered":"","protected":false},"author":1,"featured_media":231,"comment_status":"open","ping_status":"open","sticky":false,"template":"","format":"standard","meta":{"ngg_post_thumbnail":0,"footnotes":""},"categories":[2],"tags":[],"class_list":["post-230","post","type-post","status-publish","format-standard","has-post-thumbnail","hentry","category-presseberichte"],"_links":{"self":[{"href":"http:\/\/tv-waldkirchen.de\/index.php?rest_route=\/wp\/v2\/posts\/230","targetHints":{"allow":["GET"]}}],"collection":[{"href":"http:\/\/tv-waldkirchen.de\/index.php?rest_route=\/wp\/v2\/posts"}],"about":[{"href":"http:\/\/tv-waldkirchen.de\/index.php?rest_route=\/wp\/v2\/types\/post"}],"author":[{"embeddable":true,"href":"http:\/\/tv-waldkirchen.de\/index.php?rest_route=\/wp\/v2\/users\/1"}],"replies":[{"embeddable":true,"href":"http:\/\/tv-waldkirchen.de\/index.php?rest_route=%2Fwp%2Fv2%2Fcomments&post=230"}],"version-history":[{"count":1,"href":"http:\/\/tv-waldkirchen.de\/index.php?rest_route=\/wp\/v2\/posts\/230\/revisions"}],"predecessor-version":[{"id":232,"href":"http:\/\/tv-waldkirchen.de\/index.php?rest_route=\/wp\/v2\/posts\/230\/revisions\/232"}],"wp:featuredmedia":[{"embeddable":true,"href":"http:\/\/tv-waldkirchen.de\/index.php?rest_route=\/wp\/v2\/media\/231"}],"wp:attachment":[{"href":"http:\/\/tv-waldkirchen.de\/index.php?rest_route=%2Fwp%2Fv2%2Fmedia&parent=230"}],"wp:term":[{"taxonomy":"category","embeddable":true,"href":"http:\/\/tv-waldkirchen.de\/index.php?rest_route=%2Fwp%2Fv2%2Fcategories&post=230"},{"taxonomy":"post_tag","embeddable":true,"href":"http:\/\/tv-waldkirchen.de\/index.php?rest_route=%2Fwp%2Fv2%2Ftags&post=230"}],"curies":[{"name":"wp","href":"https:\/\/api.w.org\/{rel}","templated":true}]}}