{"id":215,"date":"2011-01-15T20:10:10","date_gmt":"2011-01-15T20:10:10","guid":{"rendered":"http:\/\/tv-waldkirchen.de\/?p=215"},"modified":"2020-01-15T20:13:09","modified_gmt":"2020-01-15T20:13:09","slug":"am-erlauzwiesler-see-flitzen-wieder-wilde-eisstoecke","status":"publish","type":"post","link":"http:\/\/tv-waldkirchen.de\/?p=215","title":{"rendered":"Am Erlauzwiesler See flitzen wieder \u201ewilde Eisst\u00f6cke\u201c"},"content":{"rendered":"\n<p>\nGeschrieben von RS &#8211; 15.01.2011\n\t\n\t\n\n\n\n\n\t\n\n\n\n\n\n\n\n\n\n\n\n\t\n\n\t\n\n\n\n\n\n\n\n\n\n<\/p>\n\n\n\n<p>Waldlerbuam richten au\u00dfergew\u00f6hnliches Turnier aus<\/p>\n\n\n\n<div class=\"wp-block-image\"><figure class=\"aligncenter\"><img loading=\"lazy\" decoding=\"async\" width=\"370\" height=\"278\" src=\"http:\/\/tv-waldkirchen.de\/wp-content\/uploads\/2020\/01\/presse8.jpg\" alt=\"\" class=\"wp-image-216\" srcset=\"http:\/\/tv-waldkirchen.de\/wp-content\/uploads\/2020\/01\/presse8.jpg 370w, http:\/\/tv-waldkirchen.de\/wp-content\/uploads\/2020\/01\/presse8-300x225.jpg 300w\" sizes=\"auto, (max-width: 370px) 100vw, 370px\" \/><figcaption> Mit viel Spa\u00df an der Freud haben \u201eWaldlerbuam\u201c die Eisfl\u00e4che  hergerichtet. Der gro\u00dfe Regen gestern und vorgestern hat diese Vorarbeit  zwar zunichte gemacht \u2212 aber die Ausrichter hoffen, dass am 29. Januar  am Turniertag bestes Eis und tolle Bedingungen herrschen. \u2212  Foto:Waldlerbuam <\/figcaption><\/figure><\/div>\n\n\n\n<p>\nWaldkirchen. Was im vorigen Jahr eine erstklassig gelungene Premiere \ngefeiert hat, soll nun wieder stattfinden: Die \u201eWaldlerbuam\u201c \nWaldkirchen, der r\u00fchrige Trachtenverein, richtet zum zweiten Mal ein \nbesonderes Eisstockturnier aus. Es findet auf dem Erlauzwiesler See \nstatt und geschossen wird nur mit \u201eWilden Eisst\u00f6cken\u201c.<br>Die \ntopmodernen Eisst\u00f6cke mit allenm\u00f6glichen Spezialplatten geh\u00f6ren in die \nEishalle und sollen in den Eisschie\u00df-Ligen vewendet werden, sagen die \n\u201eWaldlerbuam\u201c \u2212 bei ihrem Turnier werden es die ganz normalen, alten \nEisst\u00f6cke sein (keine Turnier-Ger\u00e4te also), die verwendet werden.<br>Das\n Turnier findet am Samstag, 29. Januar, statt. Beginn ist um 11 Uhr auf \ndem See (Einschreibeschluss vor Ort ist um 10 Uhr). Sollte es \nwitterungsm\u00e4\u00dfig nicht m\u00f6glich sein, wird das Turnier um genau eine Woche\n auf 5. Februar, 11 Uhr, verschoben. Anmeldungen gehen an Vereinswirt \nScheuringer, Tel. 08581\/3463.<br>Eifrige \u201eWaldlerbuam\u201c haben am See \nschon 15 Bahnen hergerichtet und man hofft nun, dass nach dem Tauwetter \nund Regen der letzten Tage auch mal wieder richtiges Winterwetter und \ndie normale Januark\u00e4lte kommen.<br>Im vorigen Jahr hat Mitterleinbach II\n gewonnen und hat den Wanderpokal, einen m\u00e4chtigen Eisstock, ergattert. \nUm den geht es nun wieder. Teilnehmen k\u00f6nnen alle Dorfgemeinschaften, \nVereine und interessierten Eissch\u00fctzen. Nach der Siegerehrung im \nRestaurant wird ein z\u00fcnftiges Spanferkelessen stattfinden.\n\n<\/p>\n","protected":false},"excerpt":{"rendered":"","protected":false},"author":1,"featured_media":216,"comment_status":"open","ping_status":"open","sticky":false,"template":"","format":"standard","meta":{"ngg_post_thumbnail":0,"footnotes":""},"categories":[2],"tags":[],"class_list":["post-215","post","type-post","status-publish","format-standard","has-post-thumbnail","hentry","category-presseberichte"],"_links":{"self":[{"href":"http:\/\/tv-waldkirchen.de\/index.php?rest_route=\/wp\/v2\/posts\/215","targetHints":{"allow":["GET"]}}],"collection":[{"href":"http:\/\/tv-waldkirchen.de\/index.php?rest_route=\/wp\/v2\/posts"}],"about":[{"href":"http:\/\/tv-waldkirchen.de\/index.php?rest_route=\/wp\/v2\/types\/post"}],"author":[{"embeddable":true,"href":"http:\/\/tv-waldkirchen.de\/index.php?rest_route=\/wp\/v2\/users\/1"}],"replies":[{"embeddable":true,"href":"http:\/\/tv-waldkirchen.de\/index.php?rest_route=%2Fwp%2Fv2%2Fcomments&post=215"}],"version-history":[{"count":1,"href":"http:\/\/tv-waldkirchen.de\/index.php?rest_route=\/wp\/v2\/posts\/215\/revisions"}],"predecessor-version":[{"id":217,"href":"http:\/\/tv-waldkirchen.de\/index.php?rest_route=\/wp\/v2\/posts\/215\/revisions\/217"}],"wp:featuredmedia":[{"embeddable":true,"href":"http:\/\/tv-waldkirchen.de\/index.php?rest_route=\/wp\/v2\/media\/216"}],"wp:attachment":[{"href":"http:\/\/tv-waldkirchen.de\/index.php?rest_route=%2Fwp%2Fv2%2Fmedia&parent=215"}],"wp:term":[{"taxonomy":"category","embeddable":true,"href":"http:\/\/tv-waldkirchen.de\/index.php?rest_route=%2Fwp%2Fv2%2Fcategories&post=215"},{"taxonomy":"post_tag","embeddable":true,"href":"http:\/\/tv-waldkirchen.de\/index.php?rest_route=%2Fwp%2Fv2%2Ftags&post=215"}],"curies":[{"name":"wp","href":"https:\/\/api.w.org\/{rel}","templated":true}]}}