{"id":212,"date":"2011-01-03T20:08:04","date_gmt":"2011-01-03T20:08:04","guid":{"rendered":"http:\/\/tv-waldkirchen.de\/?p=212"},"modified":"2020-01-15T20:09:39","modified_gmt":"2020-01-15T20:09:39","slug":"trachtler-feiern-ein-gelungenes-jubilaeumsjahr","status":"publish","type":"post","link":"http:\/\/tv-waldkirchen.de\/?p=212","title":{"rendered":"Trachtler feiern ein gelungenes Jubil\u00e4umsjahr"},"content":{"rendered":"\n<p>\nGeschrieben von PNP &#8211; 03.01.2011\n\t\n\t\n\n\n\n\n\t\n\n\n\n\n\n\n\n\n\n\n\n\t\n\n\t\n\n\n\n\n\n\n\n\n\n<\/p>\n\n\n\n<p>Waldlerbuam lassen 2010 Revue passieren \u2212 Jugendliche sind sehr aktiv\u2212Neue Vorstandschaft<\/p>\n\n\n\n<div class=\"wp-block-image\"><figure class=\"aligncenter\"><img loading=\"lazy\" decoding=\"async\" width=\"369\" height=\"277\" src=\"http:\/\/tv-waldkirchen.de\/wp-content\/uploads\/2020\/01\/presse7.jpg\" alt=\"\" class=\"wp-image-213\" srcset=\"http:\/\/tv-waldkirchen.de\/wp-content\/uploads\/2020\/01\/presse7.jpg 369w, http:\/\/tv-waldkirchen.de\/wp-content\/uploads\/2020\/01\/presse7-300x225.jpg 300w\" sizes=\"auto, (max-width: 369px) 100vw, 369px\" \/><figcaption> Das ist die neue Vorstandschaft der Waldlerbuam Waldkirchen : vorne von  links Ehrenvorstand Franz Kindermann, Fahnenmutter Helga Huml,  1.Vorstand Marco Maier und 2. Vorsitzende Sieglinde Lang, dahinter von  links B\u00fcrgermeister Josef H\u00f6ppler, Evi Luksch, Helmut Luksch, Maria  Kindermann, Rosmarie Maier, Sandra Penn, Christian Berlinger, Marianne  Gr\u00fcbl, Reinhard Schramm, Birgit Maier, Josef Kindermann und  SabrinaReischl.\u00a0 Foto: Berlinger <\/figcaption><\/figure><\/div>\n\n\n\n<p> Waldkirchen. Bei der Hauptversammlung des Trachtenvereins Waldlerbuam  Waldkirchen, der heuer 85 Jahre alt wurde, konnte 1.Vorstand Marco Maier  eine gro\u00dfe Anzahl Vereinsmitglieder sowie 1.B\u00fcrgermeister Josef H\u00f6ppler  im Restaurant am See begr\u00fc\u00dfen und die neue Vorstandschaft pr\u00e4sentieren.<br>Zu  Beginn der Versammlung wurde der verstorbenen Mitglieder gedacht.  Danach folgten die T\u00e4tigkeitsberichte der Vorstandschaft. Den  Ausf\u00fchrungen von Schriftf\u00fchrerin Evi Luksch konnte man entnehmen, dass  das vergangene Jahr prall gef\u00fcllt mit Terminen war. So nahm der Verein  an einigen kirchlichen Festen, wie Fronleichnam, Erntedank, etc. teil.  Auch etliche weltliche Feierlichkeiten, wie zum Beispiel der Gauball in  Ruhstorf, der Maidultfestzug oder der Volksfestaufmarsch standen auf dem  Programm.<br>H\u00f6hepunkte waren das \u201eDrei Gaue Fest\u201c in Bad F\u00fcssing, das  85-j\u00e4hrige Vereinsjubil\u00e4um mit Kapellenweiheim Juni sowie der Festabend  im August. Vorplattler Helmut Luksch konnte von sieben Plattlerproben  berichten, die sehr gut besucht waren. Zwei Erwachsene und drei  Jugendliche haben neu angefangen. In den Wintermonaten soll nun wieder  intensiv geprobt werden. Die verschiedenen Tanzproben wurden laut  Vort\u00e4nzerin Sabrina Reischl gut angenommen und auch die gr\u00f6\u00dferen  Jugendlichen wurden gut in die Erwachsenentanzgruppe eingebunden. Im  Hotel Gottinger und im VdK-Hotel wurden Heimatabende durchgef\u00fchrt. Die  Tanzgruppe war auch beim Helmut Nusser Ged\u00e4chtnisabend in Freyung. Die  Vort\u00e4nzerin dankte den Musikanten, Ludwig Maier und Sandra Penn, die das  ganze Jahr bei s\u00e4mtlichen Proben und Auftritten spielen.<br>\u00dcber den  Kauf von Trachtenstoff f\u00fcr die M\u00e4nnerwesten und die bevorstehende  Anschaffung von Federn f\u00fcr die H\u00fcte informierte Trachtenwartin Marianne  Gr\u00fcbl. Auch konnte eine neue Damentrachtenschneiderin in Waldkirchen  gefunden werden. Im Fr\u00fchjahr wird f\u00fcr die Kinder und Jugendlichen wieder  ein Trachtentauschtag durchgef\u00fchrt.<br>Jugendleiterin Rosemarie Maier  konnte von einer sehr aktiven Kinder und Jugendgruppe berichten. Der  Terminkalender im letzten Jahr war randvoll. Ob beim Gaujugendtag,  Skitag, Bezirksjugendtag, Musikseminar oder auch beim G\u00e4ubodenfest in  Straubing, um nur einiges zu nennen, \u2212 die Vereinsjugend war immer stark  vertreten. Etliche Auftritte, wie zum Beispiel beim Johannifest in  R\u00f6hrnbach oder beim Feuerwehrfest in Bernhardsberg, standen auf dem  Programm. Rosemarie Maier berichtete, dass \u00fcber 20 Tanzproben  veranstaltet wurden, die alle gut besucht waren.<br>Ein H\u00f6hepunkt des  Jahres war das Zeltlager, wenngleich auch ansonsten die Kinder und  Jugendlichen bei allen sonstigen Veranstaltungen des Vereins dabei sind.  Erstmals gestalteten die Kinder heuer einen Nachmittag f\u00fcr die \u00e4lteren  Vereinsmitglieder: \u201eLeider kamen nur einige wenige, obwohl alle eine  schriftliche Einladung bekommen haben. N\u00e4chstes Jahr gibt es aber eine  neue M\u00f6glichkeit, denn der Nachmittag soll 2011 wiederholt werden. Die  Jugendleiterin bedankte sich bei den Eltern, die immer eine gro\u00dfe Hilfe  seien. Der Bericht von Kassiererin Maria Kindermann zeugte von einem  soliden Kassenstand und das letzte Jahr konnte mit einem leichten Gewinn  abgeschlossen werden. Die Vereinskasse und die Jugendkassewurden von  Max Freund und Mathilde Sonnleitner gepr\u00fcft und es wurden keinerlei  Beanstandungen festgestellt.<br>1. Vorsitzender Marco Maier bedankte  sich bei seinen Ausschussmitgliedern f\u00fcr die gute Zusammenarbeit in  seinem ersten Jahr als Vorstand: \u201eDa ich meistens in M\u00fcnchen arbeite und  nur am Wochenende zu Hause bin, kann ich etliche Termine nicht  wahrnehmen. Diese muss ich dann an den 2. Vorstand oder an die anderen  Ausschussmitglieder abgeben, wodurch mehr Arbeit auf die verschiedenen  \u00c4mter zugekommen ist. Wenn ich bei jemanden um Hilfe angefragt habe, hat  es nie ein Nein gegeben\u201c.<br>Der Vorstand bedankte sich des Weiteren  bei allen, die in irgendeiner Weise beim Vereinsjubil\u00e4um mitgeholfen  haben. Zum Beispiel bei der Restaurierung und Einweihung der  Bauslkapelle. Oder beim Ehrenabend im Oktober, an dem die Fahnenmutter  Helga Huml und der Vereinsmusikant Ludwig Maier das Gau-Ehrenzeichen  bekommen haben. Weiter bedankte er sich bei allen Frauen, die alle Jahre  Palmbuschen und Adventskr\u00e4nze binden. Der Verkauf ist eine wichtige  Einnahmequelle f\u00fcr den Verein. Zum Schluss bedankte sich der 1.  Vorsitzende bei der Stadt Waldkirchen f\u00fcr die zu jederzeit gute  Zusammenarbeit.<br>Josef H\u00f6ppler betonte: \u201eDie Trachtenvereine sind ein  Aush\u00e4ngeschild f\u00fcr unsere Stadt, sie sind ein Blickfang bei den  verschiedenen Festen mit ihren sch\u00f6nen Trachten\u201c. Besonders freue es  ihn, dass sich die Trachtenvereine um die Restaurierung von den  verschiedenen Marterln, Pests\u00e4ulen, Kapellen, usw. annehmen, denn der  Stadt fehlen daf\u00fcr die finanziellen Mittel. F\u00fcr die Zukunft w\u00fcnschte er  dem Verein alles Gute.<\/p>\n\n\n\n<p>Das Ergebnis der Neuwahlen:<br>1. Vorstand\n Marco Maier, 2.Vorstand Sieglinde Lang, Schriftf\u00fchrer Evi Luksch, \nKassier Maria Kindermann, Vort\u00e4nzer Sabrina Reischl, Vorplattler Helmut \nLuksch, 1. Jugendleiter Rosemarie Maier, 2. Jugendleiter Birgit Maier, \nMusikwart Sandra Penn, Trachtenwart Marianne Gr\u00fcbl, Fahnenjunker Josef \nKindermann, Beisitzer Christian Berlinger und Reinhard Schramm, \nKassenpr\u00fcfer Max Freund und Mathilde Sonnleitner.\n\n<\/p>\n","protected":false},"excerpt":{"rendered":"","protected":false},"author":1,"featured_media":213,"comment_status":"open","ping_status":"open","sticky":false,"template":"","format":"standard","meta":{"ngg_post_thumbnail":0,"footnotes":""},"categories":[2],"tags":[],"class_list":["post-212","post","type-post","status-publish","format-standard","has-post-thumbnail","hentry","category-presseberichte"],"_links":{"self":[{"href":"http:\/\/tv-waldkirchen.de\/index.php?rest_route=\/wp\/v2\/posts\/212","targetHints":{"allow":["GET"]}}],"collection":[{"href":"http:\/\/tv-waldkirchen.de\/index.php?rest_route=\/wp\/v2\/posts"}],"about":[{"href":"http:\/\/tv-waldkirchen.de\/index.php?rest_route=\/wp\/v2\/types\/post"}],"author":[{"embeddable":true,"href":"http:\/\/tv-waldkirchen.de\/index.php?rest_route=\/wp\/v2\/users\/1"}],"replies":[{"embeddable":true,"href":"http:\/\/tv-waldkirchen.de\/index.php?rest_route=%2Fwp%2Fv2%2Fcomments&post=212"}],"version-history":[{"count":1,"href":"http:\/\/tv-waldkirchen.de\/index.php?rest_route=\/wp\/v2\/posts\/212\/revisions"}],"predecessor-version":[{"id":214,"href":"http:\/\/tv-waldkirchen.de\/index.php?rest_route=\/wp\/v2\/posts\/212\/revisions\/214"}],"wp:featuredmedia":[{"embeddable":true,"href":"http:\/\/tv-waldkirchen.de\/index.php?rest_route=\/wp\/v2\/media\/213"}],"wp:attachment":[{"href":"http:\/\/tv-waldkirchen.de\/index.php?rest_route=%2Fwp%2Fv2%2Fmedia&parent=212"}],"wp:term":[{"taxonomy":"category","embeddable":true,"href":"http:\/\/tv-waldkirchen.de\/index.php?rest_route=%2Fwp%2Fv2%2Fcategories&post=212"},{"taxonomy":"post_tag","embeddable":true,"href":"http:\/\/tv-waldkirchen.de\/index.php?rest_route=%2Fwp%2Fv2%2Ftags&post=212"}],"curies":[{"name":"wp","href":"https:\/\/api.w.org\/{rel}","templated":true}]}}