{"id":209,"date":"2010-02-11T20:05:09","date_gmt":"2010-02-11T20:05:09","guid":{"rendered":"http:\/\/tv-waldkirchen.de\/?p=209"},"modified":"2020-01-15T20:06:51","modified_gmt":"2020-01-15T20:06:51","slug":"anerkennung-fuer-ehrenamt","status":"publish","type":"post","link":"http:\/\/tv-waldkirchen.de\/?p=209","title":{"rendered":"Anerkennung f\u00fcr Ehrenamt"},"content":{"rendered":"\n<p>\nGeschrieben von Norbert Peter &#8211; 11.02.2010\n\t\n\t\n\n<\/p>\n\n\n\n<p> W\u00fcrdigung von Rosa Ellinger, Sieglinde Lang, Rosa Hofbauer, Sophie Spirkeneder und Franz Einberger <\/p>\n\n\n\n<div class=\"wp-block-image\"><figure class=\"aligncenter\"><img loading=\"lazy\" decoding=\"async\" width=\"369\" height=\"184\" src=\"http:\/\/tv-waldkirchen.de\/wp-content\/uploads\/2020\/01\/Presse6.jpg\" alt=\"\" class=\"wp-image-210\" srcset=\"http:\/\/tv-waldkirchen.de\/wp-content\/uploads\/2020\/01\/Presse6.jpg 369w, http:\/\/tv-waldkirchen.de\/wp-content\/uploads\/2020\/01\/Presse6-300x150.jpg 300w\" sizes=\"auto, (max-width: 369px) 100vw, 369px\" \/><figcaption> Die Feiergemeinde: Landrat Ludwig Lankl (von links) mit den neuen  Ehrenamtszeichentr\u00e4gern Rosa Ellinger, Rosa Hofbauer, Sophie  Spirkeneder, Franz Einberger und Sieglinde Lang in der vordersten Reihe,  denen zur Verleihung die B\u00fcrgermeister Josef H\u00f6ppler (hinten von  rechts), EduardSchmid, Helmuth Peter und Martin Behringer gratulierten. \u2212  Foto: Peter <\/figcaption><\/figure><\/div>\n\n\n\n<p>Freyung. \u201eB\u00fcrgerschaftliches Engagement \nh\u00e4lt die Gesellschaft zusammen und macht das Zusammenleben ein gutes \nSt\u00fcck freundschaftlicher und herzlicher\u201c, betonte Landrat Ludwig Lankl \nbei der Verleihung von Ehrenzeichen des Bayerischen Ministerpr\u00e4sidenten \nf\u00fcr im Ehrenamt t\u00e4tige Frauen und M\u00e4nner. Die Auszeichnung wurde in der \nTaverne im Schloss Wolfstein an f\u00fcnf engagierte Personen \u00fcberreicht. Auf\n Vorschlag der Gemeinden und bef\u00fcrwortet durch das Landratsamt wurde die\n Ehrung ausgesprochen. Menschen, die sich jahrelang in vorbildlicher \nWeise f\u00fcr andere einsetzen, sollten zumindest einmal im Rampenlicht \nstehen und f\u00fcr das Lebenswerk gelobt und ausgezeichnet werden. \u201eEhrenamt\n ist aller Ehren wert und ich empfinde es als gro\u00dfe Ehre, die \nAuszeichnung vornehmen zu d\u00fcrfen\u201c, leitete Landrat Ludwig Lankl, der mit\n den Heimatb\u00fcrgermeistern der Geehrten die Verleihung vornahm, den vom \nZitherspieler Martin Stiegler umrahmten Festakt ein.<\/p>\n\n\n\n<p>Rosa Ellinger aus Thurmansbang ist seit \n1984 als Mesnerin in der Pfarrkirche Thurmansbang ehrenamtlich und mit \ngro\u00dfen pers\u00f6nlichen Engagement t\u00e4tig. Auch als Kommunionhelferin und \nVorbeterin ist sie zur Stelle, wenn sie gebraucht wird. Ihre Arbeit \nsieht sie als selbstverst\u00e4ndliche Pflicht eines gl\u00e4ubigen Christen in \nder Katholischen Kirche. Neben ihrer T\u00e4tigkeit als Mesnerin bereitet \nRosa Ellinger seit 1993 einmal im Monat als Leiterin des Altenclubs \nThurmansbang den Seniorinnen und Senioren einen sch\u00f6nen Nachmittag mit \nKaffee und Kuchen, sie organisiert Ausfl\u00fcge, Weihnachtsfeiern, \nFaschingskr\u00e4nzchen, Vortr\u00e4ge und dergleichen und k\u00fcmmert sich um \nSpendengelder. F\u00fcr Rosa Ellinger ist es wichtig, dass Menschen im \ngestandenen Alter dem Leben vermehrt sch\u00f6ne Seiten abgewinnen k\u00f6nnen.<\/p>\n\n\n\n<p>Sieglinde Lang aus Richardsreut ist in \nder Stadt Waldkirchen als \u201ehelfende Hand im Hintergrund\u201c und \u201eM\u00e4dchen \nf\u00fcr alles\u201c bei verschiedenen Einrichtungen anzutreffen. Ganz besonders \nhat sich Sieglinde Lang um die Trachtensache verdient gemacht. Seit 1965\n geh\u00f6rt Sieglinde Lang dem Trachtenverein \u201eWaldlerbuam\u201c Waldkirchen an, \n\u00fcbte von 1969 bis 1977 das Amt der Kassenverwalterin aus und fungiert \nseit 1992 als 2. Vorsitzende der \u201eWaldlerbuam\u201c. Die Trachtlerin ist seit\n fast 25 Jahren federf\u00fchrend am Binden der Girlanden f\u00fcr den Maibaum \nbeteiligt. Bei der Durchf\u00fchrung der Feste in Waldkirchen ist Sieglinde \nLang seit \u00fcber 40 Jahreneine unersetzliche St\u00fctze.Im Auftrag des \nTrachtenvereins ist Sieglinde Lang nebenbei noch ehrenamtlich f\u00fcr die \nAusstellung im Haus des Vereins zur F\u00f6rderung von Natur, Kultur, Kunst \nund Jugend e.V. t\u00e4tig, wo sie je nach Jahreszeit verschiedene St\u00e4nde \nausschm\u00fcckt.<\/p>\n\n\n\n<p>Rosa Hofbauer aus Furth in der Stadt \nGrafenau war von 1972 bis 1982 als Mitglied des Pfarrgemeinderates sehr \naktiv und setzte sich rege f\u00fcr die Interessen der Pfarrgemeinde Haus im \nWald ein. Beispielhaft hierf\u00fcr sind die Innenrenovierung der \nHerz-Jesu-Pfarrkirche, die von Rosa Hofbauer vorangetrieben wurde sowie \ndie Gr\u00fcndung des Zweigvereins Haus im Wald im Katholischen Deutschen \nFrauenbund. Als Bildungsbeauftrage des Vereins im Kreisbildungswerk war \nRosa Hofbauer von 1983 bis 1996 das Bindeglied zwischen Frauenbund und \nKreisbildungswerk und ma\u00dfgeblich bei der Organisation von \nBildungsveranstaltungen und Vortr\u00e4gen im Einsatz. 2002 wurde sie zum \nEhrenmitglied ernannt. Als Bezirksleiterin der Landfrauen im Dekanat \nGrafenau organisierte Rosa Hofbauer von 1979 bis 2006 die Landfrauentage\n in Niederaltaich und von 1988 bis 2008 war sie auch Landesdelegierte \nder Landfrauenvereinigung. Das \u201eRoserl\u201c, wie sie genannt wird, sorgte \nsich seit 1989 um die Dorfkapelle in Furth und stickte eine Altardecke, \nwie sie der Papst besitzt.<\/p>\n\n\n\n<p>Sophie Spirkeneder aus Grafenau konnte \n2008 ein besonderes Jubil\u00e4um feiern: Drei Jahrzehnte war sie \nehrenamtliche Leiterin des Seniorenclubs Grafenau. 1978 wurde sie \ngebeten, \u201eein wenig\u201c im Seniorenkreis mitzuhelfen. Nach und nach hatte \nSophie Spirkeneder dann die gesamte Verantwortung f\u00fcr den Seniorenkreis \ninne, der mittlerweile auf 50 Senioren angewachsen ist. Nun war es die \nverantwortungsvolle Aufgabe von Sophie Spirkeneder, dienstags mit ihrem \nTeam ein Programm f\u00fcr die \u00e4lteren Pfarreiangeh\u00f6rigen auf die Beine zu \nstellen. All dies in gelungener vorbildlicher Zusammenarbeit mit dem \nPfarrcaritasverband&nbsp; und dem Frauenbund, die auch gratulierten. Seit \n2008 nach der \u00dcbergabe des Vorsitzes steht die ehemalige \n\u201eSenioren-Chefin\u201c der neuen Leiterin Theresia Marschick weiterhin mit \nRat und Tat unterst\u00fctzend zur Seite.<\/p>\n\n\n\n<p>Franz Einberger aus Sch\u00f6nbrunn am Lusen \nin der Gemeinde Hohenau ist seit 25 Jahren ehrenamtlich f\u00fcr die Kirche \nt\u00e4tig, besonders f\u00fcr die Pfarrgemeinde Sch\u00f6nbrunn und sp\u00e4ter auch f\u00fcr \nden Pfarrverband Hohenau-Sch\u00f6nbrunn am Lusen. Es sind die vielen kleinen\n Arbeiten, die im Stillen und Verborgenen von Franz Einberger get\u00e4tigt \nwerden, die zeigen wie wichtig und wertvoll ihm die Kirche ist. Der \ngelernte Krankenpfleger war Vorsitzender des Pfarrgemeinderates von 1986\n bis 1990 und f\u00fchrt das Amt seit 2002 f\u00fcr die Interessen der \nPfarrgemeinde Sch\u00f6nbrunn fort. Als sich 2005 das Bistum Passau von \nImmobilien, darunter der Pfarrhof in Sch\u00f6nbrunn, trennen wollte, rief \nEinberger eine Pfarrhofstiftung, die den Bestand und Unterhalt des \nPfarrhofes sicherte. Zum Ehrenzeichen gratulierten die&nbsp; B\u00fcrgermeister \nMartin Behringer (Thurmansbang), Josef H\u00f6ppler (Waldkirchen), Helmuth \nPeter (Grafenau) und Eduard Schmid (Hohenau) sowie Abordnungen von \nVereinen und Verb\u00e4nden.<\/p>\n","protected":false},"excerpt":{"rendered":"","protected":false},"author":1,"featured_media":210,"comment_status":"open","ping_status":"open","sticky":false,"template":"","format":"standard","meta":{"ngg_post_thumbnail":0,"footnotes":""},"categories":[2],"tags":[],"class_list":["post-209","post","type-post","status-publish","format-standard","has-post-thumbnail","hentry","category-presseberichte"],"_links":{"self":[{"href":"http:\/\/tv-waldkirchen.de\/index.php?rest_route=\/wp\/v2\/posts\/209","targetHints":{"allow":["GET"]}}],"collection":[{"href":"http:\/\/tv-waldkirchen.de\/index.php?rest_route=\/wp\/v2\/posts"}],"about":[{"href":"http:\/\/tv-waldkirchen.de\/index.php?rest_route=\/wp\/v2\/types\/post"}],"author":[{"embeddable":true,"href":"http:\/\/tv-waldkirchen.de\/index.php?rest_route=\/wp\/v2\/users\/1"}],"replies":[{"embeddable":true,"href":"http:\/\/tv-waldkirchen.de\/index.php?rest_route=%2Fwp%2Fv2%2Fcomments&post=209"}],"version-history":[{"count":1,"href":"http:\/\/tv-waldkirchen.de\/index.php?rest_route=\/wp\/v2\/posts\/209\/revisions"}],"predecessor-version":[{"id":211,"href":"http:\/\/tv-waldkirchen.de\/index.php?rest_route=\/wp\/v2\/posts\/209\/revisions\/211"}],"wp:featuredmedia":[{"embeddable":true,"href":"http:\/\/tv-waldkirchen.de\/index.php?rest_route=\/wp\/v2\/media\/210"}],"wp:attachment":[{"href":"http:\/\/tv-waldkirchen.de\/index.php?rest_route=%2Fwp%2Fv2%2Fmedia&parent=209"}],"wp:term":[{"taxonomy":"category","embeddable":true,"href":"http:\/\/tv-waldkirchen.de\/index.php?rest_route=%2Fwp%2Fv2%2Fcategories&post=209"},{"taxonomy":"post_tag","embeddable":true,"href":"http:\/\/tv-waldkirchen.de\/index.php?rest_route=%2Fwp%2Fv2%2Ftags&post=209"}],"curies":[{"name":"wp","href":"https:\/\/api.w.org\/{rel}","templated":true}]}}