{"id":205,"date":"2010-02-16T19:47:44","date_gmt":"2010-02-16T19:47:44","guid":{"rendered":"http:\/\/tv-waldkirchen.de\/?p=205"},"modified":"2020-01-15T19:50:38","modified_gmt":"2020-01-15T19:50:38","slug":"eine-glatte-gaudi-20-moarschaften-bei-faschingsturnier-am-see","status":"publish","type":"post","link":"http:\/\/tv-waldkirchen.de\/?p=205","title":{"rendered":"Eine glatte Gaudi: 20 Moarschaften bei Faschingsturnier am See"},"content":{"rendered":"\n<p>\n\n\n\t\n\t\n\t\tGeschrieben von PO &#8211; 16.02.2010\n\t\n\t\n\n<\/p>\n\n\n\n<p>\u201eTrachtenverein Waldlerbuam\u201c organisiert Wettkampf mit h\u00f6lzernen St\u00f6cken \u2212Mitterleinbach 2 erringt den Sieg<\/p>\n\n\n\n<div class=\"wp-block-image\"><figure class=\"aligncenter\"><a href=\"http:\/\/trachtenverein-waldkirchen.de\/images\/zeitung\/2010\/Stockturnier_1.jpg\" target=\"_blank\" rel=\"noreferrer noopener\"><img decoding=\"async\" src=\"http:\/\/trachtenverein-waldkirchen.de\/cache\/d\/ed9bb5f01f48a7e930bb7c345ca92c0f.jpg\" alt=\"\"\/><\/a><figcaption> Vorstand Marco Maier (rechts) und  Organisator Franz Kindermann  \u00fcberreichtem dem Siegerteam mit Reinhard  Lorenz, Reinhard Jakob, Max  Jakob, Thomas Freund mit den vom  Hammerschmied Sepp Kindermann  gestifteten Wanderpokal in Form eines  gro\u00dfen Eisstocks. Das Team  Schiefweg 1 mit Max Fuchs, Josef Moser sen.,  Anton H\u00f6dl und Thomas  Eckerl belegte Platz zwei. -Foto: Franz  Brunner\/Poth <\/figcaption><\/figure><\/div>\n\n\n\n<p>Es war nicht irgendein Turnier, sondern  ein Eisstockschie\u00dfen mit \u201eoide h\u00f6lzerne St\u00f6ck, so wias fr\u00fcher gwen is\u201c,  sagen die Organisatoren. Noch dazu haben sich alle Teilnehmer  faschingsgem\u00e4\u00df zusammengerichtet. Zehn Bahnen haben die Trachtler im  Vorfeld frei ger\u00e4umt, das Wetter spielte mit. Nebenbei versorgten die  \u201eDamen\u201c des Trachtenvereins die Eisstocksch\u00fctzen mit Gl\u00fchwein, Krapfen  und warmen Leberk\u00e4s-Semmeln. Derart gest\u00e4rkt traten die 20Moarschaften,  die sich \u00fcberwiegend aus Stammtischen, Feuerwehren und  Dorfgemeinschaften wie Schiefweg, Bernhardsberg und Mitterleinbach  zusammensetzten, zum Vergleichskampf an. Auch alteingesessene  Eisstocksch\u00fctzen lie\u00dfen es sich nicht nehmen, beim Wanderpokal der  \u201eWaldlerbuam\u201c mitzumachen, der k\u00fcnftig j\u00e4hrlich ausgetragen wird. Nach  der stundenlangen sportlichen Auseinandersetzung standen dann die Sieger  fest und die \u201en\u00e4rrischen Eisstocksch\u00fctzen\u201c begaben sich ins Restaurant  am See, um dort bei z\u00fcnftiger Musik Fasching zu feiern. Der Vorsitzende  der \u201eWaldlerbuam\u201c, Marco Maier und Organisator Franz Kindermann konnten  bei der anschlie\u00dfenden Siegerehrung die sch\u00f6nen Preise \u00fcberreichen. Der  Vergleichskampf ging eindeutig zugunsten der Moarschaft Mitterleinbach 2  aus \u2212 ihr Siegerpreis war ein knuspriges Spanferkel.<br><br><br><\/p>\n\n\n\n<div class=\"wp-block-image\"><figure class=\"aligncenter\"><img loading=\"lazy\" decoding=\"async\" width=\"200\" height=\"178\" src=\"http:\/\/tv-waldkirchen.de\/wp-content\/uploads\/2020\/01\/Presse5.jpg\" alt=\"\" class=\"wp-image-206\"\/><figcaption> Ein Mexikaner und Robin Hood wurden beim Eisstockturnier am Erlauzwiesler See gesichtet<br>Waldkirchen.   Die Trachtler von den \u201eWaldlerbuam Waldkirchen boten eine besondere   Faschingsgaudi: Der Erlauzwiesler See mit seiner dicken Eisschicht war   Austragungsort f\u00fcr ein wildesmaskiertes Eisstockturnier. <\/figcaption><\/figure><\/div>\n","protected":false},"excerpt":{"rendered":"","protected":false},"author":1,"featured_media":207,"comment_status":"open","ping_status":"open","sticky":false,"template":"","format":"standard","meta":{"ngg_post_thumbnail":0,"footnotes":""},"categories":[2],"tags":[],"class_list":["post-205","post","type-post","status-publish","format-standard","has-post-thumbnail","hentry","category-presseberichte"],"_links":{"self":[{"href":"http:\/\/tv-waldkirchen.de\/index.php?rest_route=\/wp\/v2\/posts\/205","targetHints":{"allow":["GET"]}}],"collection":[{"href":"http:\/\/tv-waldkirchen.de\/index.php?rest_route=\/wp\/v2\/posts"}],"about":[{"href":"http:\/\/tv-waldkirchen.de\/index.php?rest_route=\/wp\/v2\/types\/post"}],"author":[{"embeddable":true,"href":"http:\/\/tv-waldkirchen.de\/index.php?rest_route=\/wp\/v2\/users\/1"}],"replies":[{"embeddable":true,"href":"http:\/\/tv-waldkirchen.de\/index.php?rest_route=%2Fwp%2Fv2%2Fcomments&post=205"}],"version-history":[{"count":1,"href":"http:\/\/tv-waldkirchen.de\/index.php?rest_route=\/wp\/v2\/posts\/205\/revisions"}],"predecessor-version":[{"id":208,"href":"http:\/\/tv-waldkirchen.de\/index.php?rest_route=\/wp\/v2\/posts\/205\/revisions\/208"}],"wp:featuredmedia":[{"embeddable":true,"href":"http:\/\/tv-waldkirchen.de\/index.php?rest_route=\/wp\/v2\/media\/207"}],"wp:attachment":[{"href":"http:\/\/tv-waldkirchen.de\/index.php?rest_route=%2Fwp%2Fv2%2Fmedia&parent=205"}],"wp:term":[{"taxonomy":"category","embeddable":true,"href":"http:\/\/tv-waldkirchen.de\/index.php?rest_route=%2Fwp%2Fv2%2Fcategories&post=205"},{"taxonomy":"post_tag","embeddable":true,"href":"http:\/\/tv-waldkirchen.de\/index.php?rest_route=%2Fwp%2Fv2%2Ftags&post=205"}],"curies":[{"name":"wp","href":"https:\/\/api.w.org\/{rel}","templated":true}]}}