{"id":202,"date":"2010-04-08T19:45:16","date_gmt":"2010-04-08T19:45:16","guid":{"rendered":"http:\/\/tv-waldkirchen.de\/?p=202"},"modified":"2020-01-15T19:47:40","modified_gmt":"2020-01-15T19:47:40","slug":"osterwanderung-2010","status":"publish","type":"post","link":"http:\/\/tv-waldkirchen.de\/?p=202","title":{"rendered":"Osterwanderung 2010"},"content":{"rendered":"\n<p>\nGeschrieben von Maier &#8211; 08.04.2010\n\n<\/p>\n\n\n\n<p>\nWaldkirchen. Traditionell f\u00fchrte der Trachtenverein Waldkirchen eine \nOsterwanderung durch. Los ging es beim Vereinslokal in Erlauszwiesel und\n ein Rundweg f\u00fchrte \u00fcber Oberndorf und Ratzing wieder zur\u00fcck zum \nRestaurant am See. Die beiden Jugendleiterinnen Rosemarie und Birgit \nMaier haben f\u00fcr die Kinder wieder eine lustige Eier-Rallye organisiert. \nAnschlie\u00dfend gab es vom Wirt und den Mamas gespendeten Kaffee und \nKuchen. Gemeinsam vergn\u00fcgten sich noch alle beim \u201eOabecka\u201c und \n\u201eOascheibn\u201c (wie auf unserem Bild)\n\n<\/p>\n","protected":false},"excerpt":{"rendered":"","protected":false},"author":1,"featured_media":203,"comment_status":"open","ping_status":"open","sticky":false,"template":"","format":"standard","meta":{"ngg_post_thumbnail":0,"footnotes":""},"categories":[2],"tags":[],"class_list":["post-202","post","type-post","status-publish","format-standard","has-post-thumbnail","hentry","category-presseberichte"],"_links":{"self":[{"href":"http:\/\/tv-waldkirchen.de\/index.php?rest_route=\/wp\/v2\/posts\/202","targetHints":{"allow":["GET"]}}],"collection":[{"href":"http:\/\/tv-waldkirchen.de\/index.php?rest_route=\/wp\/v2\/posts"}],"about":[{"href":"http:\/\/tv-waldkirchen.de\/index.php?rest_route=\/wp\/v2\/types\/post"}],"author":[{"embeddable":true,"href":"http:\/\/tv-waldkirchen.de\/index.php?rest_route=\/wp\/v2\/users\/1"}],"replies":[{"embeddable":true,"href":"http:\/\/tv-waldkirchen.de\/index.php?rest_route=%2Fwp%2Fv2%2Fcomments&post=202"}],"version-history":[{"count":1,"href":"http:\/\/tv-waldkirchen.de\/index.php?rest_route=\/wp\/v2\/posts\/202\/revisions"}],"predecessor-version":[{"id":204,"href":"http:\/\/tv-waldkirchen.de\/index.php?rest_route=\/wp\/v2\/posts\/202\/revisions\/204"}],"wp:featuredmedia":[{"embeddable":true,"href":"http:\/\/tv-waldkirchen.de\/index.php?rest_route=\/wp\/v2\/media\/203"}],"wp:attachment":[{"href":"http:\/\/tv-waldkirchen.de\/index.php?rest_route=%2Fwp%2Fv2%2Fmedia&parent=202"}],"wp:term":[{"taxonomy":"category","embeddable":true,"href":"http:\/\/tv-waldkirchen.de\/index.php?rest_route=%2Fwp%2Fv2%2Fcategories&post=202"},{"taxonomy":"post_tag","embeddable":true,"href":"http:\/\/tv-waldkirchen.de\/index.php?rest_route=%2Fwp%2Fv2%2Ftags&post=202"}],"curies":[{"name":"wp","href":"https:\/\/api.w.org\/{rel}","templated":true}]}}