{"id":11,"date":"2017-02-01T18:11:17","date_gmt":"2017-02-01T18:11:17","guid":{"rendered":"http:\/\/tv-waldkirchen.de\/?p=11"},"modified":"2020-01-15T18:22:58","modified_gmt":"2020-01-15T18:22:58","slug":"die-trachtler-platteln-sogar-zu-ac-dc","status":"publish","type":"post","link":"http:\/\/tv-waldkirchen.de\/?p=11","title":{"rendered":"Die Trachtler platteln sogar zu AC\/DC"},"content":{"rendered":"\n<h2 class=\"wp-block-heading\"> <\/h2>\n\n\n\n<p>\n\n\n\n\n\n\n\n\n\n\n\n\n\n\n\n\n\n\t\n\n\t\n\n\n\n\n\n\n\n\n\t\n\n\t\n\t\n\t\tGeschrieben von pnp\n\t\n\t\n\n\n\n\n\t\n\n\n\n\n\n\n\n\n\n\n\n\t\n\n\t\n\n\n\n\n\n\n\n\n\n<\/p>\n\n\n\n<p><strong>Gemeinsamer Faschingsball der drei Waldkirchner Trachtenvereine<\/strong><\/p>\n\n\n\n<figure class=\"wp-block-image\"><a href=\"http:\/\/trachtenverein-waldkirchen.de\/images\/zeitung\/2017\/2017-Fasching1.jpg\" target=\"_blank\" rel=\"noreferrer noopener\"><img decoding=\"async\" src=\"http:\/\/trachtenverein-waldkirchen.de\/cache\/1\/c17294ad9aa32c1daf1bd60c1fa1f1ad.jpg\" alt=\"\"\/><\/a><\/figure>\n\n\n\n<p><br>Sie sorgten mit ihren Einlagen f\u00fcr beste Unterhaltung:<\/p>\n\n\n\n<p>(vorne liegend) Rainer Holzfurtner, \nChristian Zarda, (Mitte v.l.), Nadine Holzfurtner, Anna-Lena \nHolzfurtner, Lisa Windpassinger, Christina Wagner, VerenaSpannbauer, \nThomas Windpassinger, Fabian Spannbauer, Fabian Wagner, Tobias \nGinglseder, (hinten v.l.) Sandra Maier, Sigrun Wagner, Manfred Meisl, \nFranz Kindermann, Andreas Ginglseder, Christian Berlinger, Ludwig Maier,\n Wolfgang F\u00fcrlinger und Josef Kindermann.Schnell war der heilige Mann \numringt von den Kindern. &#8211; Foto: Holzfurtner<\/p>\n\n\n\n<p><strong>Erlauzwiesel.<\/strong> Seit einigen Jahren veranstalten die \ndrei Trachtenvereine im Stadtgebiet Waldkirchen, Waldlerbuam, \nGrenzlerbuam und Hoizhackerbuam, einen gemeinsamen Trachtenball, wobei \nreihum jeder Verein einmal Ausrichter ist. Dieses Jahr waren wieder die \nWaldlerbuam an der Reihe. Vorstand Marco Maier konnte im vollbesetzten \nSaal im Restaurant am See auch Abordnungen von anderen Vereinen \nbegr\u00fc\u00dfen. Besonders freute er sich , dass 1. Gauvorstand Walter S\u00f6ldner \nmit seiner Frau Christa unter den G\u00e4sten war. Auch 3. Gauvorstand \nAndreas Ginglseder und Stadtrat Christian Zarda, beide Mitglied bei den \nWaldlerbuam, konnte er begr\u00fc\u00dfen.\nDann wurde schon \neifrig getanzt, denn die M\u00fcller Buam spielten z\u00fcnftig auf. Aufgelockert \nwurde der Abend durch zwei Einlagen des Waldkirchner Trachtenvereins: \nClaudia Stadler, Birgit Holzfurtner, Katrin Maier und Sandra Maier \nspielten einen Sketch vom K\u00f6niglich Bayerischen Amtsgericht, der von \neiner schwangeren Kl\u00e4gerin, nicht bezahlten Alimenten und von einem \nstummen Angeklagten, der seine Antworten auf der Harmonika spielte, \nhandelte. H\u00f6hepunkt des Abends war dann sicher die zweite Einlage. \nZuerst marschierte die Jugend des Vereins ein und begann mit einem \nz\u00fcnftigen Plattler. Mittendrin \u201eweigerte\u201c sich die Musikantin weiter zu \nspielen, worauf die Jugendlichen lautstark nach einer \u201egscheitn Musi\u201c \nverlangten. Da wurde dann AC\/DC gespielt und sie zeigten einen fetzigen \nHardrock-Plattler. Danach kamen, bei d\u00fcsterer Musik, in schwarze Umh\u00e4nge\n geh\u00fcllte Gestalten in den Saal. Musik aus dem Ballett \u201eSchwanensee\u201c \nerklang, die Umh\u00e4nge flogen zur Seite, und darunter kamen acht M\u00e4nner im\n pinkfarbenen Tutu zum Vorschein. Diese tanzten dann, mehr oder weniger \ngrazi\u00f6s, Ballett. Als absoluter H\u00f6hepunkt kam noch Andreas Ginglseder \nals Schwanenprinzessin anget\u00e4nzelt und drehte inmitten der Schw\u00e4ne seine\n Pirouetten. Viel Beifall und Bravo-Rufe holten die Akteure noch einmal \nauf die Tanzfl\u00e4che, wo eine gemeinsame Zugabe gegeben wurde. Rainer \nHolzfurtner bedankte sich dann mit einem Geschenk bei Sigrun Wagner, die\n die ganzen Kost\u00fcme gen\u00e4ht hat. Bis sp\u00e4t in die Nacht wurde dann noch \ngetanzt oder die Bar aufgesucht \u2013 es war wieder einmal eine gelungene \nVeranstaltung, die die Trachtler so beibehalten wollen.\n&nbsp;\n<\/p>\n\n\n\n<figure class=\"wp-block-image\"><a href=\"http:\/\/trachtenverein-waldkirchen.de\/images\/zeitung\/2017\/2017-Fasching2.jpg\" target=\"_blank\" rel=\"noreferrer noopener\"><img decoding=\"async\" src=\"http:\/\/trachtenverein-waldkirchen.de\/cache\/a\/ea2c2d468c050f404c6835771cd0cfbc.jpg\" alt=\"\"\/><\/a><figcaption> <strong>Szenen<\/strong>  aus dem  K\u00f6niglich-Bayerischen Amtsgericht spielten Katrin Maier (v.l.),  Birgit  Holzfurtner, Sandra Maier und Claudia Stadler vor.  <\/figcaption><\/figure>\n\n\n\n<p><\/p>\n","protected":false},"excerpt":{"rendered":"","protected":false},"author":1,"featured_media":14,"comment_status":"open","ping_status":"open","sticky":false,"template":"","format":"standard","meta":{"ngg_post_thumbnail":0,"footnotes":""},"categories":[2],"tags":[],"class_list":["post-11","post","type-post","status-publish","format-standard","has-post-thumbnail","hentry","category-presseberichte"],"_links":{"self":[{"href":"http:\/\/tv-waldkirchen.de\/index.php?rest_route=\/wp\/v2\/posts\/11","targetHints":{"allow":["GET"]}}],"collection":[{"href":"http:\/\/tv-waldkirchen.de\/index.php?rest_route=\/wp\/v2\/posts"}],"about":[{"href":"http:\/\/tv-waldkirchen.de\/index.php?rest_route=\/wp\/v2\/types\/post"}],"author":[{"embeddable":true,"href":"http:\/\/tv-waldkirchen.de\/index.php?rest_route=\/wp\/v2\/users\/1"}],"replies":[{"embeddable":true,"href":"http:\/\/tv-waldkirchen.de\/index.php?rest_route=%2Fwp%2Fv2%2Fcomments&post=11"}],"version-history":[{"count":1,"href":"http:\/\/tv-waldkirchen.de\/index.php?rest_route=\/wp\/v2\/posts\/11\/revisions"}],"predecessor-version":[{"id":12,"href":"http:\/\/tv-waldkirchen.de\/index.php?rest_route=\/wp\/v2\/posts\/11\/revisions\/12"}],"wp:featuredmedia":[{"embeddable":true,"href":"http:\/\/tv-waldkirchen.de\/index.php?rest_route=\/wp\/v2\/media\/14"}],"wp:attachment":[{"href":"http:\/\/tv-waldkirchen.de\/index.php?rest_route=%2Fwp%2Fv2%2Fmedia&parent=11"}],"wp:term":[{"taxonomy":"category","embeddable":true,"href":"http:\/\/tv-waldkirchen.de\/index.php?rest_route=%2Fwp%2Fv2%2Fcategories&post=11"},{"taxonomy":"post_tag","embeddable":true,"href":"http:\/\/tv-waldkirchen.de\/index.php?rest_route=%2Fwp%2Fv2%2Ftags&post=11"}],"curies":[{"name":"wp","href":"https:\/\/api.w.org\/{rel}","templated":true}]}}